{"id":108296,"date":"2016-03-24T13:44:05","date_gmt":"2016-03-24T17:44:05","guid":{"rendered":"https:\/\/mspontocom.com.br\/site\/?p=108296"},"modified":"2016-03-24T10:28:35","modified_gmt":"2016-03-24T14:28:35","slug":"campo-grande-camara-aprova-programa-down-eficiente","status":"publish","type":"post","link":"http:\/\/mspontocom.com.br\/site\/campo-grande-camara-aprova-programa-down-eficiente\/","title":{"rendered":"Campo Grande: C\u00e2mara aprova programa \u201cDown Eficiente\u201d"},"content":{"rendered":"<p style=\"text-align: justify;\"><a href=\"https:\/\/mspontocom.com.br\/site\/wp-content\/uploads\/2016\/03\/down.jpg\"><img loading=\"lazy\" class=\"alignleft size-full wp-image-108297\" alt=\"down\" src=\"https:\/\/mspontocom.com.br\/site\/wp-content\/uploads\/2016\/03\/down.jpg\" width=\"240\" height=\"180\" \/><\/a>Foram aprovados na sess\u00e3o de 23 de mar\u00e7o, dois \u00a0projetos que visam estimular o trabalho e o desenvolvimento pessoal e profissional dos portadores de <strong>S\u00edndrome de Down<\/strong>.<\/p>\n<p style=\"text-align: justify;\">De autoria do vereador Wanderley Cabeludo e Carla Stephanini, o projeto de Lei n\u00famero 8.238\/18, institui o programa<strong> <\/strong>no munic\u00edpio de Campo Grande, abrangendo os \u00f3rg\u00e3os p\u00fablicos municipais, empresas privadas e profissionais liberais.<\/p>\n<p style=\"text-align: justify;\">O \u00a0projeto prev\u00ea que em conjunto com os \u00f3rg\u00e3os competentes por ele indicados, poder\u00e3o inclusive oferecer oficinas de aprimoramento profissional, com a participa\u00e7\u00e3o de assistentes sociais.<\/p>\n<p style=\"text-align: justify;\">Em outro Projeto de Resolu\u00e7\u00e3o, \u00a0<strong>C\u00e2mara Municipal<\/strong> cria o seu pr\u00f3prio programa no mesmo sentido, fazendo a inclus\u00e3o dos portadores da S\u00edndrome de Down atrav\u00e9s do est\u00edmulo ao trabalho e parcerias\/conv\u00eanios com entidades p\u00fablicas e privadas.<\/p>\n<p style=\"text-align: justify;\">O programa ser\u00e1 constitu\u00eddo por alunos que estejam matriculados no ensino fundamental.<\/p>\n","protected":false},"excerpt":{"rendered":"<p>Foram aprovados na sess\u00e3o de 23 de mar\u00e7o, dois \u00a0projetos que visam estimular o trabalho e o desenvolvimento pessoal e profissional dos portadores de S\u00edndrome de Down. De autoria do vereador Wanderley Cabeludo e Carla Stephanini, o projeto de Lei n\u00famero 8.238\/18, institui o programa no munic\u00edpio de Campo Grande, abrangendo os \u00f3rg\u00e3os p\u00fablicos municipais, [&hellip;]<\/p>\n","protected":false},"author":2,"featured_media":108297,"comment_status":"open","ping_status":"open","sticky":false,"template":"","format":"standard","meta":{"_monsterinsights_skip_tracking":false,"_monsterinsights_sitenote_active":false,"_monsterinsights_sitenote_note":"","_monsterinsights_sitenote_category":0},"categories":[4328],"tags":[25384,24477,3645,123,1611,6587,21830,1859],"aioseo_notices":[],"_links":{"self":[{"href":"http:\/\/mspontocom.com.br\/site\/wp-json\/wp\/v2\/posts\/108296"}],"collection":[{"href":"http:\/\/mspontocom.com.br\/site\/wp-json\/wp\/v2\/posts"}],"about":[{"href":"http:\/\/mspontocom.com.br\/site\/wp-json\/wp\/v2\/types\/post"}],"author":[{"embeddable":true,"href":"http:\/\/mspontocom.com.br\/site\/wp-json\/wp\/v2\/users\/2"}],"replies":[{"embeddable":true,"href":"http:\/\/mspontocom.com.br\/site\/wp-json\/wp\/v2\/comments?post=108296"}],"version-history":[{"count":0,"href":"http:\/\/mspontocom.com.br\/site\/wp-json\/wp\/v2\/posts\/108296\/revisions"}],"wp:featuredmedia":[{"embeddable":true,"href":"http:\/\/mspontocom.com.br\/site\/wp-json\/wp\/v2\/media\/108297"}],"wp:attachment":[{"href":"http:\/\/mspontocom.com.br\/site\/wp-json\/wp\/v2\/media?parent=108296"}],"wp:term":[{"taxonomy":"category","embeddable":true,"href":"http:\/\/mspontocom.com.br\/site\/wp-json\/wp\/v2\/categories?post=108296"},{"taxonomy":"post_tag","embeddable":true,"href":"http:\/\/mspontocom.com.br\/site\/wp-json\/wp\/v2\/tags?post=108296"}],"curies":[{"name":"wp","href":"https:\/\/api.w.org\/{rel}","templated":true}]}}