{"id":108704,"date":"2016-04-05T11:00:45","date_gmt":"2016-04-05T15:00:45","guid":{"rendered":"https:\/\/mspontocom.com.br\/site\/?p=108704"},"modified":"2016-04-05T05:51:07","modified_gmt":"2016-04-05T09:51:07","slug":"festival-de-arte-e-cultura-do-ifms-sera-realizado-em-7-cidades-do-estado","status":"publish","type":"post","link":"http:\/\/mspontocom.com.br\/site\/festival-de-arte-e-cultura-do-ifms-sera-realizado-em-7-cidades-do-estado\/","title":{"rendered":"Festival de Arte e Cultura do IFMS ser\u00e1 realizado em 7 cidades do Estado"},"content":{"rendered":"<div id=\"attachment_108705\" style=\"width: 610px\" class=\"wp-caption alignleft\"><a href=\"https:\/\/mspontocom.com.br\/site\/wp-content\/uploads\/2016\/04\/arte1.jpg\"><img aria-describedby=\"caption-attachment-108705\" loading=\"lazy\" class=\"size-full wp-image-108705\" alt=\"arte1\" src=\"https:\/\/mspontocom.com.br\/site\/wp-content\/uploads\/2016\/04\/arte1.jpg\" width=\"600\" height=\"428\" \/><\/a><p id=\"caption-attachment-108705\" class=\"wp-caption-text\">foto: panisetcircenses.com.br &#8211; artista Milton Pereira<\/p><\/div>\n<p style=\"text-align: justify;\">O Instituto Federal de Mato Grosso do Sul <strong>(IFMS<\/strong>) promove em 2016 a primeira edi\u00e7\u00e3o do <strong>Festival de Arte e Cultura<\/strong> da institui\u00e7\u00e3o.<\/p>\n<p style=\"text-align: justify;\">O evento ser\u00e1 realizado nos munic\u00edpios de Campo Grande, Coxim, Dourados, Jardim, Navira\u00ed, Nova Andradina e Ponta Por\u00e3.<\/p>\n<p style=\"text-align: justify;\">A programa\u00e7\u00e3o prev\u00ea a\u00e7\u00f5es abertas \u00e0 participa\u00e7\u00e3o da comunidade, tradi\u00e7\u00f5es culturais, cultura afro-brasileira e ind\u00edgena, al\u00e9m de manifesta\u00e7\u00f5es populares e eruditas, como m\u00fasica, literatura, artes visuais e dan\u00e7a.<\/p>\n<p style=\"text-align: justify;\">\u00a0<b>Nova Andradina<\/b><\/p>\n<p style=\"text-align: justify;\">O campus \u00e9 o primeiro a sediar o Festival, entre os dias 13 e 16 de abril. O evento \u00e9 aberto a toda a comunidade e ser\u00e1 realizado na Universidade Federal de Mato Grosso do Sul (UFMS).<\/p>\n<p style=\"text-align: justify;\">Na programa\u00e7\u00e3o est\u00e3o previstas exposi\u00e7\u00f5es de arte e artesanato, mostras fotogr\u00e1fica e de desenhos, varal de poesia, show de talentos e diversas oficinas art\u00edsticas.<\/p>\n<p style=\"text-align: justify;\">Tamb\u00e9m est\u00e3o previstas v\u00e1rias apresenta\u00e7\u00f5es e espet\u00e1culos art\u00edsticos.<\/p>\n<p style=\"text-align: justify;\"><b>Dourados<\/b>\u00a0\u2013 O Festival ser\u00e1 entre 13 e 25 de maio. As inscri\u00e7\u00f5es para participa\u00e7\u00e3o devem ser feitas at\u00e9 15 de abril, em tr\u00eas categorias: m\u00fasica, cr\u00f4nica narrativa e desenho.<\/p>\n<p style=\"text-align: justify;\">Podem se inscrever estudantes da rede p\u00fablica e privada do munic\u00edpio, com idade m\u00ednima de 13 anos.<\/p>\n<p style=\"text-align: justify;\">As regras e acesso ao sistema de inscri\u00e7\u00f5es est\u00e1 dispon\u00edvel na p\u00e1gina oficial do evento. O endere\u00e7o \u00e9\u00a0<a href=\"https:\/\/www.ifms.edu.br\/arteecultura\" target=\"_blank\">www.ifms.edu.br\/arteecultura<\/a>.<\/p>\n<p style=\"text-align: justify;\"><strong>Confira o cronograma de realiza\u00e7\u00e3o do Festival de Arte e Cultura do IFMS.<\/strong><\/p>\n<table border=\"1\" cellpadding=\"0\">\n<tbody>\n<tr>\n<td width=\"192\">\n<p align=\"center\"><b>Campus<\/b><\/p>\n<\/td>\n<td width=\"192\">\n<p align=\"center\"><b>Per\u00edodo de realiza\u00e7\u00e3o<\/b><\/p>\n<\/td>\n<\/tr>\n<tr>\n<td width=\"192\">\n<p align=\"center\">Campo Grande<\/p>\n<\/td>\n<td width=\"192\">\n<p align=\"center\">1\u00ba a 5 de agosto<\/p>\n<\/td>\n<\/tr>\n<tr>\n<td width=\"192\">\n<p align=\"center\">Coxim<\/p>\n<\/td>\n<td width=\"192\">\n<p align=\"center\">23 a 26 de agosto<\/p>\n<\/td>\n<\/tr>\n<tr>\n<td width=\"192\">\n<p align=\"center\">Dourados<\/p>\n<\/td>\n<td width=\"192\">\n<p align=\"center\">13 a 25 de maio<\/p>\n<\/td>\n<\/tr>\n<tr>\n<td width=\"192\">\n<p align=\"center\">Jardim<\/p>\n<\/td>\n<td width=\"192\">\n<p align=\"center\">18 a 21 de maio<\/p>\n<\/td>\n<\/tr>\n<tr>\n<td width=\"192\">\n<p align=\"center\">Nova Andradina<\/p>\n<\/td>\n<td width=\"192\">\n<p align=\"center\">13 a 16 de abril<\/p>\n<\/td>\n<\/tr>\n<tr>\n<td width=\"192\">\n<p align=\"center\">Navira\u00ed<\/p>\n<\/td>\n<td width=\"192\">\n<p align=\"center\">6 a 12 de maio<\/p>\n<\/td>\n<\/tr>\n<tr>\n<td width=\"192\">\n<p align=\"center\">Ponta Por\u00e3<\/p>\n<\/td>\n<td width=\"192\">\n<p align=\"center\">9 e 10 de junho<\/p>\n<\/td>\n<\/tr>\n<\/tbody>\n<\/table>\n<p style=\"text-align: justify;\">\n<p style=\"text-align: justify;\"><span style=\"line-height: 1.5em;\">\u00a0<\/span><\/p>\n","protected":false},"excerpt":{"rendered":"<p>O Instituto Federal de Mato Grosso do Sul (IFMS) promove em 2016 a primeira edi\u00e7\u00e3o do Festival de Arte e Cultura da institui\u00e7\u00e3o. O evento ser\u00e1 realizado nos munic\u00edpios de Campo Grande, Coxim, Dourados, Jardim, Navira\u00ed, Nova Andradina e Ponta Por\u00e3. A programa\u00e7\u00e3o prev\u00ea a\u00e7\u00f5es abertas \u00e0 participa\u00e7\u00e3o da comunidade, tradi\u00e7\u00f5es culturais, cultura afro-brasileira e [&hellip;]<\/p>\n","protected":false},"author":2,"featured_media":0,"comment_status":"open","ping_status":"open","sticky":false,"template":"","format":"standard","meta":{"_monsterinsights_skip_tracking":false,"_monsterinsights_sitenote_active":false,"_monsterinsights_sitenote_note":"","_monsterinsights_sitenote_category":0},"categories":[9,3205,4327],"tags":[6752,1246,174,23401,453,972,6587,25523,25524],"aioseo_notices":[],"_links":{"self":[{"href":"http:\/\/mspontocom.com.br\/site\/wp-json\/wp\/v2\/posts\/108704"}],"collection":[{"href":"http:\/\/mspontocom.com.br\/site\/wp-json\/wp\/v2\/posts"}],"about":[{"href":"http:\/\/mspontocom.com.br\/site\/wp-json\/wp\/v2\/types\/post"}],"author":[{"embeddable":true,"href":"http:\/\/mspontocom.com.br\/site\/wp-json\/wp\/v2\/users\/2"}],"replies":[{"embeddable":true,"href":"http:\/\/mspontocom.com.br\/site\/wp-json\/wp\/v2\/comments?post=108704"}],"version-history":[{"count":0,"href":"http:\/\/mspontocom.com.br\/site\/wp-json\/wp\/v2\/posts\/108704\/revisions"}],"wp:attachment":[{"href":"http:\/\/mspontocom.com.br\/site\/wp-json\/wp\/v2\/media?parent=108704"}],"wp:term":[{"taxonomy":"category","embeddable":true,"href":"http:\/\/mspontocom.com.br\/site\/wp-json\/wp\/v2\/categories?post=108704"},{"taxonomy":"post_tag","embeddable":true,"href":"http:\/\/mspontocom.com.br\/site\/wp-json\/wp\/v2\/tags?post=108704"}],"curies":[{"name":"wp","href":"https:\/\/api.w.org\/{rel}","templated":true}]}}