{"id":111913,"date":"2016-07-08T07:51:52","date_gmt":"2016-07-08T11:51:52","guid":{"rendered":"https:\/\/mspontocom.com.br\/site\/?p=111913"},"modified":"2016-07-08T07:30:01","modified_gmt":"2016-07-08T11:30:01","slug":"campo-grande-recebe-exposicao-de-quadros-de-pedro-maia","status":"publish","type":"post","link":"http:\/\/mspontocom.com.br\/site\/campo-grande-recebe-exposicao-de-quadros-de-pedro-maia\/","title":{"rendered":"Campo Grande recebe exposi\u00e7\u00e3o de quadros de Pedro Maia"},"content":{"rendered":"<p style=\"text-align: justify;\"><a href=\"https:\/\/mspontocom.com.br\/site\/wp-content\/uploads\/2016\/07\/pedro.jpeg\"><img loading=\"lazy\" class=\"alignleft size-full wp-image-111914\" alt=\"pedro\" src=\"https:\/\/mspontocom.com.br\/site\/wp-content\/uploads\/2016\/07\/pedro.jpeg\" width=\"330\" height=\"450\" srcset=\"http:\/\/mspontocom.com.br\/site\/wp-content\/uploads\/2016\/07\/pedro.jpeg 330w, http:\/\/mspontocom.com.br\/site\/wp-content\/uploads\/2016\/07\/pedro-205x280.jpeg 205w\" sizes=\"(max-width: 330px) 100vw, 330px\" \/><\/a>A Funda\u00e7\u00e3o de Cultura de Campo Grande promove exposi\u00e7\u00e3o do artista Pedro Maia na <strong>Galeria de Vidro<\/strong>, na Esplanada Ferrovi\u00e1ria.<\/p>\n<p style=\"text-align: justify;\">Aberta nesta quinta-feira (07.07), a mostra prossegue at\u00e9 20 de julho.<\/p>\n<p style=\"text-align: justify;\">As obras, de acordo com Maia apreendem o caminho de Campo Grande e Bonito e contam com texto de Andr\u00e9 Sztutman.<\/p>\n<p><strong>Servi\u00e7o:<\/strong><br \/>\nExposi\u00e7\u00e3o quadros retr\u00e1teis e diacr\u00f4nicos \u2013 Pedro Maia<br \/>\nLocal: Galeria de Vidro<br \/>\nExposi\u00e7\u00e3o segue at\u00e9 dia 20 de julho<br \/>\nAberta para visita\u00e7\u00e3o de segunda a s\u00e1bado &#8211;<br \/>\nPara visitas agendadas, ligar para 98186-8837 \u2013 Tamara.<\/p>\n","protected":false},"excerpt":{"rendered":"<p>A Funda\u00e7\u00e3o de Cultura de Campo Grande promove exposi\u00e7\u00e3o do artista Pedro Maia na Galeria de Vidro, na Esplanada Ferrovi\u00e1ria. Aberta nesta quinta-feira (07.07), a mostra prossegue at\u00e9 20 de julho. As obras, de acordo com Maia apreendem o caminho de Campo Grande e Bonito e contam com texto de Andr\u00e9 Sztutman. Servi\u00e7o: Exposi\u00e7\u00e3o quadros [&hellip;]<\/p>\n","protected":false},"author":2,"featured_media":111914,"comment_status":"open","ping_status":"open","sticky":false,"template":"","format":"standard","meta":{"_monsterinsights_skip_tracking":false,"_monsterinsights_sitenote_active":false,"_monsterinsights_sitenote_note":"","_monsterinsights_sitenote_category":0},"categories":[4328,9],"tags":[15893,123,174,118,1381,19827,6587,26671,26670,24464],"aioseo_notices":[],"_links":{"self":[{"href":"http:\/\/mspontocom.com.br\/site\/wp-json\/wp\/v2\/posts\/111913"}],"collection":[{"href":"http:\/\/mspontocom.com.br\/site\/wp-json\/wp\/v2\/posts"}],"about":[{"href":"http:\/\/mspontocom.com.br\/site\/wp-json\/wp\/v2\/types\/post"}],"author":[{"embeddable":true,"href":"http:\/\/mspontocom.com.br\/site\/wp-json\/wp\/v2\/users\/2"}],"replies":[{"embeddable":true,"href":"http:\/\/mspontocom.com.br\/site\/wp-json\/wp\/v2\/comments?post=111913"}],"version-history":[{"count":0,"href":"http:\/\/mspontocom.com.br\/site\/wp-json\/wp\/v2\/posts\/111913\/revisions"}],"wp:featuredmedia":[{"embeddable":true,"href":"http:\/\/mspontocom.com.br\/site\/wp-json\/wp\/v2\/media\/111914"}],"wp:attachment":[{"href":"http:\/\/mspontocom.com.br\/site\/wp-json\/wp\/v2\/media?parent=111913"}],"wp:term":[{"taxonomy":"category","embeddable":true,"href":"http:\/\/mspontocom.com.br\/site\/wp-json\/wp\/v2\/categories?post=111913"},{"taxonomy":"post_tag","embeddable":true,"href":"http:\/\/mspontocom.com.br\/site\/wp-json\/wp\/v2\/tags?post=111913"}],"curies":[{"name":"wp","href":"https:\/\/api.w.org\/{rel}","templated":true}]}}