{"id":112048,"date":"2016-07-12T15:57:30","date_gmt":"2016-07-12T19:57:30","guid":{"rendered":"https:\/\/mspontocom.com.br\/site\/?p=112048"},"modified":"2016-07-12T15:57:30","modified_gmt":"2016-07-12T19:57:30","slug":"c-grande-biblioteca-do-horto-recebe-confraria-sociartista","status":"publish","type":"post","link":"http:\/\/mspontocom.com.br\/site\/c-grande-biblioteca-do-horto-recebe-confraria-sociartista\/","title":{"rendered":"C.Grande: Biblioteca do Horto recebe Confraria Sociartista"},"content":{"rendered":"<p style=\"text-align: justify;\"><a href=\"https:\/\/mspontocom.com.br\/site\/wp-content\/uploads\/2016\/07\/h1.jpg\"><img loading=\"lazy\" class=\"alignleft size-full wp-image-112051\" alt=\"h1\" src=\"https:\/\/mspontocom.com.br\/site\/wp-content\/uploads\/2016\/07\/h1.jpg\" width=\"259\" height=\"194\" \/><\/a>A \u00a0Funda\u00e7\u00e3o Municipal de Cultura em conjunto com a <strong>Confraria Sociartista,<\/strong> que re\u00fane profissionais das artes em Mato Grosso do Sul, realiza \u00a0exposi\u00e7\u00e3o cultural na Biblioteca Municipal do Horto Florestal.<\/p>\n<p style=\"text-align: justify;\"><strong>Artistas<\/strong><\/p>\n<p style=\"text-align: justify;\">A mostra conta com a participa\u00e7\u00e3o dos artistas Jussara Stein, Antonio Lima, Patr\u00edcia helney, Ana Luisa Martins, Lucio Laranjeira, Tamara Renk, Carlos Vera, Pedro Guilherme G\u00f3es, Roberto Passos, Walter Lambert, Cec\u00edlio Vera, Erika Pedraza e Marilena Grolli.<\/p>\n<p>A exposi\u00e7\u00e3o &#8211; que acontece durante o per\u00edodo do Projeto F\u00e9rias na Biblioteca &#8211;\u00a0 estar\u00e1 aberta tamb\u00e9m ao p\u00fablico, no hor\u00e1rio de funcionamento da Biblioteca Municipal que \u00e9 de 8h \u00e0s 18h e aos s\u00e1bados de 8h \u00e0s 12h.<\/p>\n<p style=\"text-align: justify;\"><strong>Confraria\u00a0<\/strong><br \/>\nA Confraria Sociartista re\u00fane artistas de Mato Grosso do Sul que tem como objetivo a ocupa\u00e7\u00e3o de espa\u00e7os p\u00fablicos com suas artes visuais, m\u00fasica, teatro, circo, literatura, dan\u00e7a, entre outras manifesta\u00e7\u00f5es art\u00edsticas. O grupo pretende levar o entretenimento e provocar o senso cr\u00edtico aos visitantes.<\/p>\n<p style=\"text-align: justify;\">\n","protected":false},"excerpt":{"rendered":"<p>A \u00a0Funda\u00e7\u00e3o Municipal de Cultura em conjunto com a Confraria Sociartista, que re\u00fane profissionais das artes em Mato Grosso do Sul, realiza \u00a0exposi\u00e7\u00e3o cultural na Biblioteca Municipal do Horto Florestal. Artistas A mostra conta com a participa\u00e7\u00e3o dos artistas Jussara Stein, Antonio Lima, Patr\u00edcia helney, Ana Luisa Martins, Lucio Laranjeira, Tamara Renk, Carlos Vera, Pedro [&hellip;]<\/p>\n","protected":false},"author":2,"featured_media":112049,"comment_status":"open","ping_status":"open","sticky":false,"template":"","format":"standard","meta":{"_monsterinsights_skip_tracking":false,"_monsterinsights_sitenote_active":false,"_monsterinsights_sitenote_note":"","_monsterinsights_sitenote_category":0},"categories":[4328,9],"tags":[1409,123,26713,174,7319,6587,26714],"aioseo_notices":[],"_links":{"self":[{"href":"http:\/\/mspontocom.com.br\/site\/wp-json\/wp\/v2\/posts\/112048"}],"collection":[{"href":"http:\/\/mspontocom.com.br\/site\/wp-json\/wp\/v2\/posts"}],"about":[{"href":"http:\/\/mspontocom.com.br\/site\/wp-json\/wp\/v2\/types\/post"}],"author":[{"embeddable":true,"href":"http:\/\/mspontocom.com.br\/site\/wp-json\/wp\/v2\/users\/2"}],"replies":[{"embeddable":true,"href":"http:\/\/mspontocom.com.br\/site\/wp-json\/wp\/v2\/comments?post=112048"}],"version-history":[{"count":0,"href":"http:\/\/mspontocom.com.br\/site\/wp-json\/wp\/v2\/posts\/112048\/revisions"}],"wp:featuredmedia":[{"embeddable":true,"href":"http:\/\/mspontocom.com.br\/site\/wp-json\/wp\/v2\/media\/112049"}],"wp:attachment":[{"href":"http:\/\/mspontocom.com.br\/site\/wp-json\/wp\/v2\/media?parent=112048"}],"wp:term":[{"taxonomy":"category","embeddable":true,"href":"http:\/\/mspontocom.com.br\/site\/wp-json\/wp\/v2\/categories?post=112048"},{"taxonomy":"post_tag","embeddable":true,"href":"http:\/\/mspontocom.com.br\/site\/wp-json\/wp\/v2\/tags?post=112048"}],"curies":[{"name":"wp","href":"https:\/\/api.w.org\/{rel}","templated":true}]}}