{"id":112091,"date":"2016-07-14T08:35:45","date_gmt":"2016-07-14T12:35:45","guid":{"rendered":"https:\/\/mspontocom.com.br\/site\/?p=112091"},"modified":"2016-07-14T09:17:29","modified_gmt":"2016-07-14T13:17:29","slug":"musica-campo-grande-abre-nessa-quinta-concertos-populares","status":"publish","type":"post","link":"http:\/\/mspontocom.com.br\/site\/musica-campo-grande-abre-nessa-quinta-concertos-populares\/","title":{"rendered":"M\u00fasica: Campo Grande abre nessa quinta os &#8220;Concertos Populares&#8221;"},"content":{"rendered":"<p><a href=\"https:\/\/mspontocom.com.br\/site\/wp-content\/uploads\/2016\/07\/concerto-fundac.jpeg\"><img loading=\"lazy\" class=\"alignleft size-full wp-image-112092\" alt=\"concerto fundac\" src=\"https:\/\/mspontocom.com.br\/site\/wp-content\/uploads\/2016\/07\/concerto-fundac.jpeg\" width=\"330\" height=\"220\" srcset=\"http:\/\/mspontocom.com.br\/site\/wp-content\/uploads\/2016\/07\/concerto-fundac.jpeg 330w, http:\/\/mspontocom.com.br\/site\/wp-content\/uploads\/2016\/07\/concerto-fundac-260x173.jpeg 260w\" sizes=\"(max-width: 330px) 100vw, 330px\" \/><\/a>A Funda\u00e7\u00e3o Municipal de Cultura e Orquestra Sinf\u00f4nica de Campo Grande iniciam nesta quinta (14) uma s\u00e9rie mensal de<strong> concertos de c\u00e2mara<\/strong>, no audit\u00f3rio do Centro Municipal de M\u00fasica.<\/p>\n<p>O programa ser\u00e1 composto por obras de <strong>Beethoven, Handel e Vivaldi<\/strong>, com forma\u00e7\u00f5es variadas como trio, quarteto e orquestra de c\u00e2mara.<\/p>\n<p>A s\u00e9rie <strong>Concertos Populares<\/strong> ter\u00e1 em sua programa\u00e7\u00e3o a execu\u00e7\u00e3o de repert\u00f3rios compostos exclusivamente por m\u00fasica erudita, viabilizando o acesso gratuito \u00e0 popula\u00e7\u00e3o.<\/p>\n<p><strong>Servi\u00e7o: <\/strong><\/p>\n<p>Centro Municipal de M\u00fasica: Rua Rui Barbosa, 703 Vila Dorothea<\/p>\n<p><strong>Programa<\/strong><br \/>\nL. v. Beethoven (1770-1827) Trio para violino, viola e violoncelo &#8211; Op. 9. n\u00ba 1<br \/>\nAdagio, Allegro con brio<br \/>\nSolistas: Edison Verbisck, Emanuel Caramaschi, Marcelo Geronimo<br \/>\nW. A. Mozart (1756-1791) Quarteto para flauta, violino, viola e violoncelo em d\u00f3 maior &#8211; KV 285b<br \/>\nAllegro<br \/>\nG. F. Haendel (1685-1759) Su\u00edte Aqu\u00e1tica &#8211; HWV348<br \/>\n\u00c1ria<br \/>\nBourr\u00e9<br \/>\nHornpipe<br \/>\nMenuet<br \/>\nRigaudon<br \/>\nAntonio Vivaldi (1678-1741) Concerto para 2 obo\u00e9s e cordas em r\u00e9 menor &#8211; RV 535<br \/>\nLargo<br \/>\nAllegro<br \/>\nLargo<br \/>\nAllegro molto<br \/>\nSolistas: M\u00e1rcio Marques, Philip Andara<\/p>\n","protected":false},"excerpt":{"rendered":"<p>A Funda\u00e7\u00e3o Municipal de Cultura e Orquestra Sinf\u00f4nica de Campo Grande iniciam nesta quinta (14) uma s\u00e9rie mensal de concertos de c\u00e2mara, no audit\u00f3rio do Centro Municipal de M\u00fasica. O programa ser\u00e1 composto por obras de Beethoven, Handel e Vivaldi, com forma\u00e7\u00f5es variadas como trio, quarteto e orquestra de c\u00e2mara. A s\u00e9rie Concertos Populares ter\u00e1 [&hellip;]<\/p>\n","protected":false},"author":2,"featured_media":112092,"comment_status":"open","ping_status":"open","sticky":false,"template":"","format":"standard","meta":{"_monsterinsights_skip_tracking":false,"_monsterinsights_sitenote_active":false,"_monsterinsights_sitenote_note":"","_monsterinsights_sitenote_category":0},"categories":[4328,9],"tags":[23419,123,174,6587,456,26722,26721],"aioseo_notices":[],"_links":{"self":[{"href":"http:\/\/mspontocom.com.br\/site\/wp-json\/wp\/v2\/posts\/112091"}],"collection":[{"href":"http:\/\/mspontocom.com.br\/site\/wp-json\/wp\/v2\/posts"}],"about":[{"href":"http:\/\/mspontocom.com.br\/site\/wp-json\/wp\/v2\/types\/post"}],"author":[{"embeddable":true,"href":"http:\/\/mspontocom.com.br\/site\/wp-json\/wp\/v2\/users\/2"}],"replies":[{"embeddable":true,"href":"http:\/\/mspontocom.com.br\/site\/wp-json\/wp\/v2\/comments?post=112091"}],"version-history":[{"count":0,"href":"http:\/\/mspontocom.com.br\/site\/wp-json\/wp\/v2\/posts\/112091\/revisions"}],"wp:featuredmedia":[{"embeddable":true,"href":"http:\/\/mspontocom.com.br\/site\/wp-json\/wp\/v2\/media\/112092"}],"wp:attachment":[{"href":"http:\/\/mspontocom.com.br\/site\/wp-json\/wp\/v2\/media?parent=112091"}],"wp:term":[{"taxonomy":"category","embeddable":true,"href":"http:\/\/mspontocom.com.br\/site\/wp-json\/wp\/v2\/categories?post=112091"},{"taxonomy":"post_tag","embeddable":true,"href":"http:\/\/mspontocom.com.br\/site\/wp-json\/wp\/v2\/tags?post=112091"}],"curies":[{"name":"wp","href":"https:\/\/api.w.org\/{rel}","templated":true}]}}