{"id":112122,"date":"2016-07-15T08:23:31","date_gmt":"2016-07-15T12:23:31","guid":{"rendered":"https:\/\/mspontocom.com.br\/site\/?p=112122"},"modified":"2016-07-15T08:23:31","modified_gmt":"2016-07-15T12:23:31","slug":"seu-bolso-inflacao-de-junho-em-campo-grande-e-de-042","status":"publish","type":"post","link":"http:\/\/mspontocom.com.br\/site\/seu-bolso-inflacao-de-junho-em-campo-grande-e-de-042\/","title":{"rendered":"Seu Bolso: Infla\u00e7\u00e3o de junho em Campo Grande \u00e9 de 0,42%"},"content":{"rendered":"<p style=\"text-align: justify;\"><a href=\"https:\/\/mspontocom.com.br\/site\/wp-content\/uploads\/2016\/07\/supermercados-.jpg\"><img loading=\"lazy\" class=\"alignleft size-full wp-image-112123\" alt=\"supermercados-\" src=\"https:\/\/mspontocom.com.br\/site\/wp-content\/uploads\/2016\/07\/supermercados-.jpg\" width=\"680\" height=\"365\" srcset=\"http:\/\/mspontocom.com.br\/site\/wp-content\/uploads\/2016\/07\/supermercados-.jpg 680w, http:\/\/mspontocom.com.br\/site\/wp-content\/uploads\/2016\/07\/supermercados--260x139.jpg 260w\" sizes=\"(max-width: 680px) 100vw, 680px\" \/><\/a>A infla\u00e7\u00e3o de junho de Campo Grande, medida pelo \u00cdndice de Pre\u00e7os ao Consumidor de Campo Grande (IPC\/CG), foi de 0,42%, segundo o N\u00facleo de Pesquisas Econ\u00f4micas da Uniderp.<\/p>\n<p style=\"text-align: justify;\">Apesar de menor que o registrado em maio (0,73%), o indicador \u00e9 o maior da s\u00e9rie hist\u00f3rica para o m\u00eas de junho desde 2008, quando chegou a 0,74%.<\/p>\n<p style=\"text-align: justify;\"><strong>Respons\u00e1veis pela alta:<\/strong><\/p>\n<p style=\"text-align: justify;\">Os respons\u00e1veis pela infla\u00e7\u00e3o de junho foram os grupos:<strong> Despesas Pessoais<\/strong>, que teve aumento m\u00e9dio de 2,80% na maioria dos seus produtos e servi\u00e7os, e contribui\u00e7\u00e3o para a infla\u00e7\u00e3o de 0,25%;<strong> Habita\u00e7\u00e3o,<\/strong> que sofreu eleva\u00e7\u00e3o de 0,41%, em m\u00e9dia, e contribui\u00e7\u00e3o para a infla\u00e7\u00e3o de 0,13%; e<strong> Vestu\u00e1rio<\/strong>, que registrou acr\u00e9scimo de 0,90% e contribui\u00e7\u00e3o de 0,08% para a infla\u00e7\u00e3o.<\/p>\n<p style=\"text-align: justify;\">O grupo <strong>Educa\u00e7\u00e3o<\/strong> permaneceu est\u00e1vel e os grupos <strong>Alimenta\u00e7\u00e3o, Transportes e Sa\u00fade<\/strong> tiveram pequenas defla\u00e7\u00f5es em seus \u00edndices e pequenas contribui\u00e7\u00f5es negativas.<\/p>\n<p style=\"text-align: justify;\"><strong><i>Infla\u00e7\u00e3o acumulada<\/i>\u00a0<\/strong><\/p>\n<p style=\"text-align: justify;\">A infla\u00e7\u00e3o acumulada nos \u00faltimos doze meses em Campo Grande aumentou para 9,47%, acima do teto da meta estabelecida pelo Conselho Monet\u00e1rio Nacional (CMN), de 6,5% e do centro da meta, de 4,5%.<\/p>\n<p style=\"text-align: justify;\">\u00a0O arroz, o feij\u00e3o e o leite s\u00e3o os produtos que mais preocupam neste momento, devido \u00e0 eleva\u00e7\u00e3o de pre\u00e7os, que impacta o bolso do consumidor e colabora com a infla\u00e7\u00e3o geral.<\/p>\n<p style=\"text-align: justify;\">Nos seis primeiros meses do ano, a infla\u00e7\u00e3o acumulada de Campo Grande foi de 4,84%. Os maiores \u00edndices, por grupo, foram: Educa\u00e7\u00e3o, com 10,20%, Despesas Pessoais, com 7,05%, Sa\u00fade, com 6,65% e Alimenta\u00e7\u00e3o, com 6,25%.<\/p>\n<p style=\"text-align: justify;\"><strong><i>Vil\u00f5es<\/i><\/strong><\/p>\n<p style=\"text-align: justify;\">Os dez\u00a0\u201cvil\u00f5es\u201d da infla\u00e7\u00e3o,em junho,\u00a0foram:<\/p>\n<ul style=\"text-align: justify;\">\n<li>Cabeleireiro (corte e tintura), com infla\u00e7\u00e3o de 10% e contribui\u00e7\u00e3o de 0,15%;<\/li>\n<li>Sapato feminino, com infla\u00e7\u00e3o de 14,31% e contribui\u00e7\u00e3o de 0,07%;<\/li>\n<li>Leite pasteurizado, infla\u00e7\u00e3o de 5,76% e participa\u00e7\u00e3o de 0,07%;<\/li>\n<li>Batata, com varia\u00e7\u00e3o de 13,36% e colabora\u00e7\u00e3o de 0,04%;<\/li>\n<li>Aluguel apartamento, com acr\u00e9scimo de 0,60% e contribui\u00e7\u00e3o de 0,04%;<\/li>\n<li>G\u00e1s em botij\u00e3o, com aumento de 1,11% e participa\u00e7\u00e3o de 0,04%;<\/li>\n<li>Aluguel de casa, com varia\u00e7\u00e3o de 0,53% e colabora\u00e7\u00e3o de 0,03%;<\/li>\n<li>Cigarros, com acr\u00e9scimo de 3,21% e contribui\u00e7\u00e3o de 0,03%;<\/li>\n<li>Arroz, com reajuste de 2,01% e participa\u00e7\u00e3o de 0,03%;<\/li>\n<li>Feij\u00e3o, com eleva\u00e7\u00e3o de 4,42% e colabora\u00e7\u00e3o de 0,02%.<\/li>\n<\/ul>\n<p style=\"text-align: justify;\"><strong>Pre\u00e7os em queda<\/strong><\/p>\n<ul style=\"text-align: justify;\">\n<li>Alcatra, com defla\u00e7\u00e3o de\u00a0-4,93%\u00a0e contribui\u00e7\u00e3o de -0,07%,<\/li>\n<li>Gasolina, com redu\u00e7\u00e3o de\u00a0-1,50% e colabora\u00e7\u00e3o de -0,05%;<\/li>\n<li>Paleta, com diminui\u00e7\u00e3o de -7,86% e participa\u00e7\u00e3o de -0,04%;<\/li>\n<li>Mam\u00e3o, com decr\u00e9scimo de -38,94% e contribui\u00e7\u00e3o de -0,04%;<\/li>\n<li>Contrafil\u00e9, com baixa de -3,99% e colabora\u00e7\u00e3o de -0,02%;<\/li>\n<li>Ac\u00e9m, com diminui\u00e7\u00e3o de -2,43% e participa\u00e7\u00e3o de -0,02%;<\/li>\n<li>Cebola, com redu\u00e7\u00e3o de -15,02% e contribui\u00e7\u00e3o de -0,02%;<\/li>\n<li>Sand\u00e1lia\/chinelo feminino, com decr\u00e9scimo de -3,92% e colabora\u00e7\u00e3o de -0,02%;<\/li>\n<li>Amaciante de roupas, com queda -2,81% e participa\u00e7\u00e3o de -0,01%;<\/li>\n<li>Bermuda e short feminino, com baixa -3,82% e contribui\u00e7\u00e3o de -0,01%.<\/li>\n<\/ul>\n<p style=\"text-align: justify;\"><strong><i>IPC\/CG<\/i>\u00a0<\/strong><\/p>\n<p style=\"text-align: justify;\">O \u00cdndice de Pre\u00e7os ao Consumidor de Campo Grande (IPC\/CG) \u00e9 um indicador da evolu\u00e7\u00e3o do custo de vida das fam\u00edlias dentro do padr\u00e3o de vida e do comportamento racional de consumo.<\/p>\n<p style=\"text-align: justify;\">O IPC busca medir o n\u00edvel de varia\u00e7\u00e3o dos pre\u00e7os mensais do consumo de bens e servi\u00e7os, a partir da compara\u00e7\u00e3o da situa\u00e7\u00e3o de consumo do m\u00eas atual em rela\u00e7\u00e3o ao m\u00eas anterior, de fam\u00edlias com renda mensal de 1 a 40 sal\u00e1rios m\u00ednimos.<\/p>\n<p style=\"text-align: justify;\">A Uniderp divulga mensalmente o IPC\/CG.<\/p>\n<p style=\"text-align: justify;\">\n","protected":false},"excerpt":{"rendered":"<p>A infla\u00e7\u00e3o de junho de Campo Grande, medida pelo \u00cdndice de Pre\u00e7os ao Consumidor de Campo Grande (IPC\/CG), foi de 0,42%, segundo o N\u00facleo de Pesquisas Econ\u00f4micas da Uniderp. Apesar de menor que o registrado em maio (0,73%), o indicador \u00e9 o maior da s\u00e9rie hist\u00f3rica para o m\u00eas de junho desde 2008, quando chegou [&hellip;]<\/p>\n","protected":false},"author":2,"featured_media":112123,"comment_status":"open","ping_status":"open","sticky":false,"template":"","format":"standard","meta":{"_monsterinsights_skip_tracking":false,"_monsterinsights_sitenote_active":false,"_monsterinsights_sitenote_note":"","_monsterinsights_sitenote_category":0},"categories":[4328,15],"tags":[26339,25256,123,147,148,25737,6587],"aioseo_notices":[],"_links":{"self":[{"href":"http:\/\/mspontocom.com.br\/site\/wp-json\/wp\/v2\/posts\/112122"}],"collection":[{"href":"http:\/\/mspontocom.com.br\/site\/wp-json\/wp\/v2\/posts"}],"about":[{"href":"http:\/\/mspontocom.com.br\/site\/wp-json\/wp\/v2\/types\/post"}],"author":[{"embeddable":true,"href":"http:\/\/mspontocom.com.br\/site\/wp-json\/wp\/v2\/users\/2"}],"replies":[{"embeddable":true,"href":"http:\/\/mspontocom.com.br\/site\/wp-json\/wp\/v2\/comments?post=112122"}],"version-history":[{"count":0,"href":"http:\/\/mspontocom.com.br\/site\/wp-json\/wp\/v2\/posts\/112122\/revisions"}],"wp:featuredmedia":[{"embeddable":true,"href":"http:\/\/mspontocom.com.br\/site\/wp-json\/wp\/v2\/media\/112123"}],"wp:attachment":[{"href":"http:\/\/mspontocom.com.br\/site\/wp-json\/wp\/v2\/media?parent=112122"}],"wp:term":[{"taxonomy":"category","embeddable":true,"href":"http:\/\/mspontocom.com.br\/site\/wp-json\/wp\/v2\/categories?post=112122"},{"taxonomy":"post_tag","embeddable":true,"href":"http:\/\/mspontocom.com.br\/site\/wp-json\/wp\/v2\/tags?post=112122"}],"curies":[{"name":"wp","href":"https:\/\/api.w.org\/{rel}","templated":true}]}}