{"id":112199,"date":"2016-07-18T10:27:23","date_gmt":"2016-07-18T14:27:23","guid":{"rendered":"https:\/\/mspontocom.com.br\/site\/?p=112199"},"modified":"2016-07-18T09:25:12","modified_gmt":"2016-07-18T13:25:12","slug":"campo-grande-e-selecionada-para-participar-de-projeto-do-bid","status":"publish","type":"post","link":"http:\/\/mspontocom.com.br\/site\/campo-grande-e-selecionada-para-participar-de-projeto-do-bid\/","title":{"rendered":"Campo Grande \u00e9 selecionada para participar de projeto do BID"},"content":{"rendered":"<div id=\"attachment_112200\" style=\"width: 603px\" class=\"wp-caption alignleft\"><a href=\"https:\/\/mspontocom.com.br\/site\/wp-content\/uploads\/2016\/07\/Orla-Morena-Campo-Grand.jpg\"><img aria-describedby=\"caption-attachment-112200\" loading=\"lazy\" class=\"size-full wp-image-112200\" alt=\"Orla-Morena-Campo-Grand\" src=\"https:\/\/mspontocom.com.br\/site\/wp-content\/uploads\/2016\/07\/Orla-Morena-Campo-Grand.jpg\" width=\"593\" height=\"270\" \/><\/a><p id=\"caption-attachment-112200\" class=\"wp-caption-text\">foto: www.deville.com.br<\/p><\/div>\n<p style=\"text-align: justify;\">Campo Grande foi selecionada entre v\u00e1rias cidades da Comunidade Europ\u00e9ia e Latina para participar de um projeto do <strong>BID<\/strong> (Banco de Desenvolvimento Internacional) para trocas de experi\u00eancia de gest\u00e3o p\u00fablica.<\/p>\n<p style=\"text-align: justify;\">Al\u00e9m da capital, as cidades de Montevid\u00e9u (Uruguai), Buenos Aires (Argentina) e Guadalajara (M\u00e9xico) representam a America Latina.<\/p>\n<p style=\"text-align: justify;\">J\u00e1 as cidades escolhidas pela Europa s\u00e3o Mil\u00e3o (It\u00e1lia), Murcia (Espanha), Bordeaux (Fran\u00e7a), Viseu (Portugal) e Atenas (Gr\u00e9cia).<\/p>\n<p>O \u00a0projeto denominado <strong>URBELAC<\/strong> financiado pelo BID vai proporcionar troca de experi\u00eancias entre as cidades.<\/p>\n<p style=\"text-align: justify;\">Catiana Sabadin, coordenadora da Central de Programas e Projetos Especiais da Prefeitura de Campo Grande,\u00a0\u00a0ressalta que entre as experi\u00eancias exitosas que podem ser passada para as outras cidades da Comunidade Europ\u00e9ia e Latina s\u00e3o as obras da <strong>Orla Morena<\/strong>, dos parques lineares na regi\u00e3o central.<br \/>\n<b><br \/>\n<strong>PROGRAMA URBELAC<\/strong><br \/>\n<\/b><br \/>\nO programa URBELAC \u00e9 desenvolvido em conjunto pelo Banco Interamericano de Desenvolvimento e da Uni\u00e3o Europeia, com o objetivo de melhorar a qualidade de vida nas cidades da Am\u00e9rica Latina.<\/p>\n<p>Desde 2010, houve duas edi\u00e7\u00f5es do URBELAC com a participa\u00e7\u00e3o de 24 cidades, 13 da Am\u00e9rica Latina e do Caribe e nove da Europa. A dura\u00e7\u00e3o m\u00e9dia de cada uma foi de 14 meses.<\/p>\n","protected":false},"excerpt":{"rendered":"<p>Campo Grande foi selecionada entre v\u00e1rias cidades da Comunidade Europ\u00e9ia e Latina para participar de um projeto do BID (Banco de Desenvolvimento Internacional) para trocas de experi\u00eancia de gest\u00e3o p\u00fablica. Al\u00e9m da capital, as cidades de Montevid\u00e9u (Uruguai), Buenos Aires (Argentina) e Guadalajara (M\u00e9xico) representam a America Latina. J\u00e1 as cidades escolhidas pela Europa s\u00e3o [&hellip;]<\/p>\n","protected":false},"author":2,"featured_media":0,"comment_status":"open","ping_status":"open","sticky":false,"template":"","format":"standard","meta":{"_monsterinsights_skip_tracking":false,"_monsterinsights_sitenote_active":false,"_monsterinsights_sitenote_note":"","_monsterinsights_sitenote_category":0},"categories":[4328,15],"tags":[9975,123,147,6587,751,25231,374,26751,26752],"aioseo_notices":[],"_links":{"self":[{"href":"http:\/\/mspontocom.com.br\/site\/wp-json\/wp\/v2\/posts\/112199"}],"collection":[{"href":"http:\/\/mspontocom.com.br\/site\/wp-json\/wp\/v2\/posts"}],"about":[{"href":"http:\/\/mspontocom.com.br\/site\/wp-json\/wp\/v2\/types\/post"}],"author":[{"embeddable":true,"href":"http:\/\/mspontocom.com.br\/site\/wp-json\/wp\/v2\/users\/2"}],"replies":[{"embeddable":true,"href":"http:\/\/mspontocom.com.br\/site\/wp-json\/wp\/v2\/comments?post=112199"}],"version-history":[{"count":0,"href":"http:\/\/mspontocom.com.br\/site\/wp-json\/wp\/v2\/posts\/112199\/revisions"}],"wp:attachment":[{"href":"http:\/\/mspontocom.com.br\/site\/wp-json\/wp\/v2\/media?parent=112199"}],"wp:term":[{"taxonomy":"category","embeddable":true,"href":"http:\/\/mspontocom.com.br\/site\/wp-json\/wp\/v2\/categories?post=112199"},{"taxonomy":"post_tag","embeddable":true,"href":"http:\/\/mspontocom.com.br\/site\/wp-json\/wp\/v2\/tags?post=112199"}],"curies":[{"name":"wp","href":"https:\/\/api.w.org\/{rel}","templated":true}]}}