{"id":112352,"date":"2016-07-22T09:16:21","date_gmt":"2016-07-22T13:16:21","guid":{"rendered":"https:\/\/mspontocom.com.br\/site\/?p=112352"},"modified":"2016-07-22T09:19:01","modified_gmt":"2016-07-22T13:19:01","slug":"terroristas-estado-islamico-sao-transferidos-para-campo-grande","status":"publish","type":"post","link":"http:\/\/mspontocom.com.br\/site\/terroristas-estado-islamico-sao-transferidos-para-campo-grande\/","title":{"rendered":"Terroristas do Estado Isl\u00e2mico s\u00e3o transferidos para Campo Grande"},"content":{"rendered":"<p style=\"text-align: justify;\"><a href=\"https:\/\/mspontocom.com.br\/site\/wp-content\/uploads\/2016\/07\/presidio.jpg\"><img loading=\"lazy\" class=\"alignleft size-full wp-image-112353\" alt=\"presidio\" src=\"https:\/\/mspontocom.com.br\/site\/wp-content\/uploads\/2016\/07\/presidio.jpg\" width=\"535\" height=\"335\" \/><\/a>Os dez presos pela <strong>Pol\u00edcia Federal<\/strong> na Opera\u00e7\u00e3o Hashtag ontem (21) foram transferidos para o pres\u00eddio de seguran\u00e7a m\u00e1xima de <strong>Campo Grande<\/strong> (MS), segundo a PF.<\/p>\n<p style=\"text-align: justify;\">O local recebe presos de alta periculosidade e a pris\u00e3o \u00e9 a mesma onde est\u00e1 custodiado o traficante Fernandinho Beira-Mar.<\/p>\n<p style=\"text-align: justify;\">Os presos s\u00e3o suspeitos, segundo o MInist\u00e9rio da Justi\u00e7a, de terem realizado atos preparat\u00f3rios visando a\u00e7\u00f5es <strong>terroristas<\/strong> na Olimp\u00edada do Rio de Janeiro, que come\u00e7a daqui a 15 dias.<\/p>\n<p style=\"text-align: justify;\">Os presos sa\u00edram do Aeroporto Internacional JK, em Bras\u00edlia, para a capital sul-matrogrossense, escoltados por agentes da PF.<\/p>\n<p style=\"text-align: justify;\">Segundo informa\u00e7\u00f5es da Divis\u00e3o Antiterrorismo da PF (DAT), o grupo teria sido recrutado pelo <strong>Estado Isl\u00e2mico<\/strong> e se preparava para realizar os ataques. As pris\u00f5es ocorreram em nove estados.<\/p>\n<p style=\"text-align: justify;\">\n","protected":false},"excerpt":{"rendered":"<p>Os dez presos pela Pol\u00edcia Federal na Opera\u00e7\u00e3o Hashtag ontem (21) foram transferidos para o pres\u00eddio de seguran\u00e7a m\u00e1xima de Campo Grande (MS), segundo a PF. O local recebe presos de alta periculosidade e a pris\u00e3o \u00e9 a mesma onde est\u00e1 custodiado o traficante Fernandinho Beira-Mar. Os presos s\u00e3o suspeitos, segundo o MInist\u00e9rio da Justi\u00e7a, [&hellip;]<\/p>\n","protected":false},"author":2,"featured_media":0,"comment_status":"open","ping_status":"open","sticky":false,"template":"","format":"standard","meta":{"_monsterinsights_skip_tracking":false,"_monsterinsights_sitenote_active":false,"_monsterinsights_sitenote_note":"","_monsterinsights_sitenote_category":0},"categories":[4328],"tags":[123,24025,6587,283,507,26802,26801],"aioseo_notices":[],"_links":{"self":[{"href":"http:\/\/mspontocom.com.br\/site\/wp-json\/wp\/v2\/posts\/112352"}],"collection":[{"href":"http:\/\/mspontocom.com.br\/site\/wp-json\/wp\/v2\/posts"}],"about":[{"href":"http:\/\/mspontocom.com.br\/site\/wp-json\/wp\/v2\/types\/post"}],"author":[{"embeddable":true,"href":"http:\/\/mspontocom.com.br\/site\/wp-json\/wp\/v2\/users\/2"}],"replies":[{"embeddable":true,"href":"http:\/\/mspontocom.com.br\/site\/wp-json\/wp\/v2\/comments?post=112352"}],"version-history":[{"count":0,"href":"http:\/\/mspontocom.com.br\/site\/wp-json\/wp\/v2\/posts\/112352\/revisions"}],"wp:attachment":[{"href":"http:\/\/mspontocom.com.br\/site\/wp-json\/wp\/v2\/media?parent=112352"}],"wp:term":[{"taxonomy":"category","embeddable":true,"href":"http:\/\/mspontocom.com.br\/site\/wp-json\/wp\/v2\/categories?post=112352"},{"taxonomy":"post_tag","embeddable":true,"href":"http:\/\/mspontocom.com.br\/site\/wp-json\/wp\/v2\/tags?post=112352"}],"curies":[{"name":"wp","href":"https:\/\/api.w.org\/{rel}","templated":true}]}}