{"id":113190,"date":"2016-08-19T07:54:26","date_gmt":"2016-08-19T11:54:26","guid":{"rendered":"https:\/\/mspontocom.com.br\/site\/?p=113190"},"modified":"2016-08-19T07:42:13","modified_gmt":"2016-08-19T11:42:13","slug":"dilma-fara-impeachment-training-para-encarar-senadores","status":"publish","type":"post","link":"http:\/\/mspontocom.com.br\/site\/dilma-fara-impeachment-training-para-encarar-senadores\/","title":{"rendered":"Dilma far\u00e1 &#8220;IMPEACHMENT TRAINING&#8221; para encarar senadores"},"content":{"rendered":"<p style=\"text-align: justify;\"><a href=\"https:\/\/mspontocom.com.br\/site\/wp-content\/uploads\/2016\/08\/dilma-training.jpg\"><img loading=\"lazy\" class=\"alignleft size-full wp-image-113191\" alt=\"dilma training\" src=\"https:\/\/mspontocom.com.br\/site\/wp-content\/uploads\/2016\/08\/dilma-training.jpg\" width=\"640\" height=\"426\" srcset=\"http:\/\/mspontocom.com.br\/site\/wp-content\/uploads\/2016\/08\/dilma-training.jpg 640w, http:\/\/mspontocom.com.br\/site\/wp-content\/uploads\/2016\/08\/dilma-training-260x173.jpg 260w\" sizes=\"(max-width: 640px) 100vw, 640px\" \/><\/a>Senadores do <strong>PT<\/strong> que visitaram na manh\u00e3 desta quinta-feira, 18, a presidente afastada,<strong> Dilma Rousseff<\/strong>, acertaram com a petista fazer uma esp\u00e9cie de<strong> &#8220;treinamento&#8221;<\/strong> com ela antes do in\u00edcio do julgamento do<strong> impeachment. <\/strong><\/p>\n<p style=\"text-align: justify;\">Dilma j\u00e1 anunciou que vai participar no dia 29 da sess\u00e3o em que far\u00e1 sua defesa pessoal do processo.<\/p>\n<p style=\"text-align: justify;\">A inten\u00e7\u00e3o dos aliados de Dilma \u00e9 preparar na pr\u00f3xima semana um roteiro de perguntas para que a presidente afastada responda, simulando situa\u00e7\u00f5es do julgamento.<\/p>\n<p style=\"text-align: justify;\">Reuniram-se com ela no Pal\u00e1cio do Alvorada o l\u00edder do PT no Senado, Humberto Costa (PE), e os senadores petistas Paulo Rocha (PA) e Jos\u00e9 Pimentel (CE).<\/p>\n<p style=\"text-align: justify;\"><span style=\"line-height: 1.5em;\">Para o l\u00edder do<strong> PSDB<\/strong> no Senado, C\u00e1ssio Cunha Lima (PB), a presen\u00e7a de Dilma na sess\u00e3o de julgamento convalida todo o processo. <strong>&#8220;Ela jogar\u00e1 por terra todo o discurso de que o processo \u00e9 um golpe. N\u00e3o existe golpe com a presen\u00e7a do golpeado&#8221;, disse.<\/strong><\/span><\/p>\n<p style=\"text-align: justify;\">fonte: \u00a0(AE)<\/p>\n<p>&nbsp;<\/p>\n","protected":false},"excerpt":{"rendered":"<p>Senadores do PT que visitaram na manh\u00e3 desta quinta-feira, 18, a presidente afastada, Dilma Rousseff, acertaram com a petista fazer uma esp\u00e9cie de &#8220;treinamento&#8221; com ela antes do in\u00edcio do julgamento do impeachment. Dilma j\u00e1 anunciou que vai participar no dia 29 da sess\u00e3o em que far\u00e1 sua defesa pessoal do processo. A inten\u00e7\u00e3o dos [&hellip;]<\/p>\n","protected":false},"author":2,"featured_media":113191,"comment_status":"open","ping_status":"open","sticky":false,"template":"","format":"standard","meta":{"_monsterinsights_skip_tracking":false,"_monsterinsights_sitenote_active":false,"_monsterinsights_sitenote_note":"","_monsterinsights_sitenote_category":0},"categories":[6,12],"tags":[27067,8805,21687,195,27068,27066,3109,2609,6587,154,532,533,12880],"aioseo_notices":[],"_links":{"self":[{"href":"http:\/\/mspontocom.com.br\/site\/wp-json\/wp\/v2\/posts\/113190"}],"collection":[{"href":"http:\/\/mspontocom.com.br\/site\/wp-json\/wp\/v2\/posts"}],"about":[{"href":"http:\/\/mspontocom.com.br\/site\/wp-json\/wp\/v2\/types\/post"}],"author":[{"embeddable":true,"href":"http:\/\/mspontocom.com.br\/site\/wp-json\/wp\/v2\/users\/2"}],"replies":[{"embeddable":true,"href":"http:\/\/mspontocom.com.br\/site\/wp-json\/wp\/v2\/comments?post=113190"}],"version-history":[{"count":0,"href":"http:\/\/mspontocom.com.br\/site\/wp-json\/wp\/v2\/posts\/113190\/revisions"}],"wp:featuredmedia":[{"embeddable":true,"href":"http:\/\/mspontocom.com.br\/site\/wp-json\/wp\/v2\/media\/113191"}],"wp:attachment":[{"href":"http:\/\/mspontocom.com.br\/site\/wp-json\/wp\/v2\/media?parent=113190"}],"wp:term":[{"taxonomy":"category","embeddable":true,"href":"http:\/\/mspontocom.com.br\/site\/wp-json\/wp\/v2\/categories?post=113190"},{"taxonomy":"post_tag","embeddable":true,"href":"http:\/\/mspontocom.com.br\/site\/wp-json\/wp\/v2\/tags?post=113190"}],"curies":[{"name":"wp","href":"https:\/\/api.w.org\/{rel}","templated":true}]}}