{"id":113203,"date":"2016-08-19T13:08:39","date_gmt":"2016-08-19T17:08:39","guid":{"rendered":"https:\/\/mspontocom.com.br\/site\/?p=113203"},"modified":"2016-08-19T13:27:23","modified_gmt":"2016-08-19T17:27:23","slug":"stf-vai-decidir-senadora-gleisi-hoffmann-vira-re-na-lava-jato","status":"publish","type":"post","link":"http:\/\/mspontocom.com.br\/site\/stf-vai-decidir-senadora-gleisi-hoffmann-vira-re-na-lava-jato\/","title":{"rendered":"STF vai decidir se senadora Gleisi Hoffmann vira r\u00e9 na Lava Jato"},"content":{"rendered":"<p style=\"text-align: justify;\"><a href=\"https:\/\/mspontocom.com.br\/site\/wp-content\/uploads\/2016\/08\/gleisi.jpg\"><img loading=\"lazy\" class=\"alignleft size-full wp-image-113204\" alt=\"gleisi\" src=\"https:\/\/mspontocom.com.br\/site\/wp-content\/uploads\/2016\/08\/gleisi.jpg\" width=\"660\" height=\"411\" srcset=\"http:\/\/mspontocom.com.br\/site\/wp-content\/uploads\/2016\/08\/gleisi.jpg 660w, http:\/\/mspontocom.com.br\/site\/wp-content\/uploads\/2016\/08\/gleisi-260x161.jpg 260w\" sizes=\"(max-width: 660px) 100vw, 660px\" \/><\/a>O ministro Teori Zavascki, do Supremo Tribunal Federal <strong>(STF),<\/strong> liberou para ser inclu\u00eddo na pauta de julgamentos o inqu\u00e9rito contra a senadora<strong> Gleisi Hoffmann (PT-PR<\/strong>) e contra o ex-ministro Paulo Bernardo na Opera\u00e7\u00e3o Lava Jato.<\/p>\n<p style=\"text-align: justify;\"><span style=\"line-height: 1.5em;\">Se a acusa\u00e7\u00e3o for recebida, Gleisi passar\u00e1 a ser r\u00e9 perante o Supremo e a responder a uma a\u00e7\u00e3o penal.<\/span><\/p>\n<p style=\"text-align: justify;\">A previs\u00e3o \u00e9 de que o caso seja discutido a partir da sess\u00e3o do dia 30 de agosto.<\/p>\n<p style=\"text-align: justify;\">A investiga\u00e7\u00e3o contra Gleisi e seu marido, <strong>Paulo Bernardo,<\/strong> foi aberta em mar\u00e7o de 2015, na primeira leva de inqu\u00e9ritos enviada por Janot ao Supremo por envolvimento de parlamentares na <strong>Lava Jato. <\/strong><\/p>\n<p style=\"text-align: justify;\"><span style=\"line-height: 1.5em;\">Gleisi e Paulo Bernardo foram denunciados pela PGR ap\u00f3s a investiga\u00e7\u00e3o policial concluir que os dois receberam R$ 1 milh\u00e3o de propina de contratos firmados entre empreiteiras e a Petrobr\u00e1s.<\/span><\/p>\n<p style=\"text-align: justify;\">O valor teria sido utilizado para custear as despesas de campanha da senadora em 2010. Junto com o casal, foi denunciado o empres\u00e1rio Ernesto Kugler Rodrigues, de Curitiba.<\/p>\n<p style=\"text-align: justify;\">fonte: \u00a0(AE)<\/p>\n<p style=\"text-align: justify;\">\n","protected":false},"excerpt":{"rendered":"<p>O ministro Teori Zavascki, do Supremo Tribunal Federal (STF), liberou para ser inclu\u00eddo na pauta de julgamentos o inqu\u00e9rito contra a senadora Gleisi Hoffmann (PT-PR) e contra o ex-ministro Paulo Bernardo na Opera\u00e7\u00e3o Lava Jato. Se a acusa\u00e7\u00e3o for recebida, Gleisi passar\u00e1 a ser r\u00e9 perante o Supremo e a responder a uma a\u00e7\u00e3o penal. [&hellip;]<\/p>\n","protected":false},"author":2,"featured_media":113204,"comment_status":"open","ping_status":"open","sticky":false,"template":"","format":"standard","meta":{"_monsterinsights_skip_tracking":false,"_monsterinsights_sitenote_active":false,"_monsterinsights_sitenote_note":"","_monsterinsights_sitenote_category":0},"categories":[6,2528,12],"tags":[30254,7064,1350,21419,6587,15393,154,533,27072,12737,3014,27071],"aioseo_notices":[],"_links":{"self":[{"href":"http:\/\/mspontocom.com.br\/site\/wp-json\/wp\/v2\/posts\/113203"}],"collection":[{"href":"http:\/\/mspontocom.com.br\/site\/wp-json\/wp\/v2\/posts"}],"about":[{"href":"http:\/\/mspontocom.com.br\/site\/wp-json\/wp\/v2\/types\/post"}],"author":[{"embeddable":true,"href":"http:\/\/mspontocom.com.br\/site\/wp-json\/wp\/v2\/users\/2"}],"replies":[{"embeddable":true,"href":"http:\/\/mspontocom.com.br\/site\/wp-json\/wp\/v2\/comments?post=113203"}],"version-history":[{"count":0,"href":"http:\/\/mspontocom.com.br\/site\/wp-json\/wp\/v2\/posts\/113203\/revisions"}],"wp:featuredmedia":[{"embeddable":true,"href":"http:\/\/mspontocom.com.br\/site\/wp-json\/wp\/v2\/media\/113204"}],"wp:attachment":[{"href":"http:\/\/mspontocom.com.br\/site\/wp-json\/wp\/v2\/media?parent=113203"}],"wp:term":[{"taxonomy":"category","embeddable":true,"href":"http:\/\/mspontocom.com.br\/site\/wp-json\/wp\/v2\/categories?post=113203"},{"taxonomy":"post_tag","embeddable":true,"href":"http:\/\/mspontocom.com.br\/site\/wp-json\/wp\/v2\/tags?post=113203"}],"curies":[{"name":"wp","href":"https:\/\/api.w.org\/{rel}","templated":true}]}}