{"id":113227,"date":"2016-08-20T07:57:23","date_gmt":"2016-08-20T11:57:23","guid":{"rendered":"https:\/\/mspontocom.com.br\/site\/?p=113227"},"modified":"2016-08-20T07:57:23","modified_gmt":"2016-08-20T11:57:23","slug":"temendo-a-policia-federal-pt-vai-extinguir-cargo-de-tesoureiro","status":"publish","type":"post","link":"http:\/\/mspontocom.com.br\/site\/temendo-a-policia-federal-pt-vai-extinguir-cargo-de-tesoureiro\/","title":{"rendered":"Temendo a Pol\u00edcia Federal, PT vai extinguir cargo de tesoureiro"},"content":{"rendered":"<p style=\"text-align: justify;\"><a href=\"https:\/\/mspontocom.com.br\/site\/wp-content\/uploads\/2016\/08\/VACCARI-PRESO.jpg\"><img loading=\"lazy\" class=\"alignleft size-full wp-image-113228\" alt=\"VACCARI-PRESO\" src=\"https:\/\/mspontocom.com.br\/site\/wp-content\/uploads\/2016\/08\/VACCARI-PRESO.jpg\" width=\"450\" height=\"338\" srcset=\"http:\/\/mspontocom.com.br\/site\/wp-content\/uploads\/2016\/08\/VACCARI-PRESO.jpg 450w, http:\/\/mspontocom.com.br\/site\/wp-content\/uploads\/2016\/08\/VACCARI-PRESO-260x195.jpg 260w\" sizes=\"(max-width: 450px) 100vw, 450px\" \/><\/a>Temendo a reprova\u00e7\u00e3o \u00a0das urnas e principalmente a <strong>Pol\u00edcia Federal<\/strong> na porta, o ex-presidente <strong>Lula<\/strong> e a c\u00fapula do PT resolveram tomar uma atitude para \u201cevitar esc\u00e2ndalos\u201d: extinguir o cargo de <strong>Tesoureiro. <\/strong><\/p>\n<p style=\"text-align: justify;\">Ainda n\u00e3o est\u00e1 claro como as finan\u00e7as do partido ser\u00e3o administradas. A ideia de extinguir o cargo veio da dificuldade de encontrar quem aceite assumi-lo.<\/p>\n<p style=\"text-align: justify;\">Os tr\u00eas \u00faltimos tesoureiros do<strong> PT<\/strong> acabaram na cadeia. A informa\u00e7\u00e3o \u00e9 do colunista Cl\u00e1udio Humberto, do\u00a0<b>Di\u00e1rio do Poder<\/b>.<\/p>\n<p style=\"text-align: justify;\"><span style=\"line-height: 1.5em;\">A decis\u00e3o de extinguir o cargo de Tesoureiro s\u00f3 pode ser adotada em conven\u00e7\u00e3o nacional do PT que s\u00f3 deve ocorrer em 2017.<\/span><\/p>\n<p style=\"text-align: justify;\">J\u00e1 foram Tesoureiro Nacional do PT os presidi\u00e1rios Del\u00fabio Soares, Paulo Ferreira e Jo\u00e3o Vaccari Neto.<\/p>\n<p style=\"text-align: justify;\">Uma outra proposta, da fac\u00e7\u00e3o Mensagem ao Partido, do ex-ministro Tarso Genro, tenta articular a mudan\u00e7a de denomina\u00e7\u00e3o do PT.<\/p>\n<p style=\"text-align: justify;\">\n","protected":false},"excerpt":{"rendered":"<p>Temendo a reprova\u00e7\u00e3o \u00a0das urnas e principalmente a Pol\u00edcia Federal na porta, o ex-presidente Lula e a c\u00fapula do PT resolveram tomar uma atitude para \u201cevitar esc\u00e2ndalos\u201d: extinguir o cargo de Tesoureiro. Ainda n\u00e3o est\u00e1 claro como as finan\u00e7as do partido ser\u00e3o administradas. A ideia de extinguir o cargo veio da dificuldade de encontrar quem [&hellip;]<\/p>\n","protected":false},"author":2,"featured_media":113228,"comment_status":"open","ping_status":"open","sticky":false,"template":"","format":"standard","meta":{"_monsterinsights_skip_tracking":false,"_monsterinsights_sitenote_active":false,"_monsterinsights_sitenote_note":"","_monsterinsights_sitenote_category":0},"categories":[6,12],"tags":[22041,480,6587,283,154,533,24383,27077],"aioseo_notices":[],"_links":{"self":[{"href":"http:\/\/mspontocom.com.br\/site\/wp-json\/wp\/v2\/posts\/113227"}],"collection":[{"href":"http:\/\/mspontocom.com.br\/site\/wp-json\/wp\/v2\/posts"}],"about":[{"href":"http:\/\/mspontocom.com.br\/site\/wp-json\/wp\/v2\/types\/post"}],"author":[{"embeddable":true,"href":"http:\/\/mspontocom.com.br\/site\/wp-json\/wp\/v2\/users\/2"}],"replies":[{"embeddable":true,"href":"http:\/\/mspontocom.com.br\/site\/wp-json\/wp\/v2\/comments?post=113227"}],"version-history":[{"count":0,"href":"http:\/\/mspontocom.com.br\/site\/wp-json\/wp\/v2\/posts\/113227\/revisions"}],"wp:featuredmedia":[{"embeddable":true,"href":"http:\/\/mspontocom.com.br\/site\/wp-json\/wp\/v2\/media\/113228"}],"wp:attachment":[{"href":"http:\/\/mspontocom.com.br\/site\/wp-json\/wp\/v2\/media?parent=113227"}],"wp:term":[{"taxonomy":"category","embeddable":true,"href":"http:\/\/mspontocom.com.br\/site\/wp-json\/wp\/v2\/categories?post=113227"},{"taxonomy":"post_tag","embeddable":true,"href":"http:\/\/mspontocom.com.br\/site\/wp-json\/wp\/v2\/tags?post=113227"}],"curies":[{"name":"wp","href":"https:\/\/api.w.org\/{rel}","templated":true}]}}