{"id":113232,"date":"2016-08-21T07:25:15","date_gmt":"2016-08-21T11:25:15","guid":{"rendered":"https:\/\/mspontocom.com.br\/site\/?p=113232"},"modified":"2016-08-21T08:05:48","modified_gmt":"2016-08-21T12:05:48","slug":"duque-pode-fazer-delacao-do-fim-do-mundo-contra-lula-e-dilma","status":"publish","type":"post","link":"http:\/\/mspontocom.com.br\/site\/duque-pode-fazer-delacao-do-fim-do-mundo-contra-lula-e-dilma\/","title":{"rendered":"Duque pode fazer a &#8220;Dela\u00e7\u00e3o do Fim do Mundo&#8221; contra Lula e Dilma"},"content":{"rendered":"<p style=\"text-align: justify;\"><a href=\"https:\/\/mspontocom.com.br\/site\/wp-content\/uploads\/2016\/08\/Renato-duque.jpg\"><img loading=\"lazy\" class=\"alignleft size-full wp-image-113233\" alt=\"Renato-duque\" src=\"https:\/\/mspontocom.com.br\/site\/wp-content\/uploads\/2016\/08\/Renato-duque.jpg\" width=\"597\" height=\"336\" srcset=\"http:\/\/mspontocom.com.br\/site\/wp-content\/uploads\/2016\/08\/Renato-duque.jpg 597w, http:\/\/mspontocom.com.br\/site\/wp-content\/uploads\/2016\/08\/Renato-duque-260x146.jpg 260w, http:\/\/mspontocom.com.br\/site\/wp-content\/uploads\/2016\/08\/Renato-duque-140x80.jpg 140w\" sizes=\"(max-width: 597px) 100vw, 597px\" \/><\/a>O ex-diretor de Servi\u00e7os da Petrobras <strong>Renato Duque<\/strong>, condenado na Opera\u00e7\u00e3o Lava Jato a mais de 50 anos de pris\u00e3o retomou as negocia\u00e7\u00f5es para um acordo de colabora\u00e7\u00e3o premiada com o Minist\u00e9rio P\u00fablico Federal.<\/p>\n<p style=\"text-align: justify;\">Investigadores t\u00eam chamado esse acordo de &#8220;dela\u00e7<strong>\u00e3o do fim do mundo&#8221;<\/strong>, para\u00a0a presidente afastada, <strong>Dilma Rousseff<\/strong>, e o ex-presidente <strong>Luiz In\u00e1cio Lula da Silva. <\/strong><\/p>\n<p style=\"text-align: justify;\">Duque promete apontar a participa\u00e7\u00e3o deles na sistem\u00e1tica de cartel e corrup\u00e7\u00e3o na estatal &#8211; com rombo reconhecido at\u00e9 aqui de R$ 6,2 bilh\u00f5es.<\/p>\n<p style=\"text-align: justify;\">Lula \u00e9 um dos pontos centrais das tratativas com a for\u00e7a-tarefa da Lava Jato.<\/p>\n<p style=\"text-align: justify;\"><strong> O ex-diretor da estatal se compromete a apresentar provas documentais de que o ex-presidente sabia do esquema. <\/strong><\/p>\n<p style=\"text-align: justify;\"><span style=\"line-height: 1.5em;\">\u00a0As tratativas est\u00e3o em fase de discuss\u00e3o de anexos, na qual a defesa elabora um esbo\u00e7o dos crimes que ele vai confessar e os novos fatos ilegais que vai relatar, em troca de benef\u00edcios e redu\u00e7\u00e3o de pena.<\/span><\/p>\n<p style=\"text-align: justify;\">A colabora\u00e7\u00e3o premiada do ex-diretor, se for aceita pela Procuradoria e homologada pela Justi\u00e7a, pode ser a primeira a ligar diretamente Dilma ao esquema na Petrobras.<\/p>\n<p style=\"text-align: justify;\">fonte: Di\u00e1rio doPoder<\/p>\n<p style=\"text-align: justify;\"><b>\u00a0<\/b><\/p>\n<p style=\"text-align: justify;\"><b>\u00a0<\/b><\/p>\n<p><b>\u00a0<\/b><\/p>\n","protected":false},"excerpt":{"rendered":"<p>O ex-diretor de Servi\u00e7os da Petrobras Renato Duque, condenado na Opera\u00e7\u00e3o Lava Jato a mais de 50 anos de pris\u00e3o retomou as negocia\u00e7\u00f5es para um acordo de colabora\u00e7\u00e3o premiada com o Minist\u00e9rio P\u00fablico Federal. Investigadores t\u00eam chamado esse acordo de &#8220;dela\u00e7\u00e3o do fim do mundo&#8221;, para\u00a0a presidente afastada, Dilma Rousseff, e o ex-presidente Luiz In\u00e1cio [&hellip;]<\/p>\n","protected":false},"author":2,"featured_media":113233,"comment_status":"open","ping_status":"open","sticky":false,"template":"","format":"standard","meta":{"_monsterinsights_skip_tracking":false,"_monsterinsights_sitenote_active":false,"_monsterinsights_sitenote_note":"","_monsterinsights_sitenote_category":0},"categories":[6,12],"tags":[27080,30254,23797,195,25582,21419,480,6587,4455,1243,27079,154,27078,27081],"aioseo_notices":[],"_links":{"self":[{"href":"http:\/\/mspontocom.com.br\/site\/wp-json\/wp\/v2\/posts\/113232"}],"collection":[{"href":"http:\/\/mspontocom.com.br\/site\/wp-json\/wp\/v2\/posts"}],"about":[{"href":"http:\/\/mspontocom.com.br\/site\/wp-json\/wp\/v2\/types\/post"}],"author":[{"embeddable":true,"href":"http:\/\/mspontocom.com.br\/site\/wp-json\/wp\/v2\/users\/2"}],"replies":[{"embeddable":true,"href":"http:\/\/mspontocom.com.br\/site\/wp-json\/wp\/v2\/comments?post=113232"}],"version-history":[{"count":0,"href":"http:\/\/mspontocom.com.br\/site\/wp-json\/wp\/v2\/posts\/113232\/revisions"}],"wp:featuredmedia":[{"embeddable":true,"href":"http:\/\/mspontocom.com.br\/site\/wp-json\/wp\/v2\/media\/113233"}],"wp:attachment":[{"href":"http:\/\/mspontocom.com.br\/site\/wp-json\/wp\/v2\/media?parent=113232"}],"wp:term":[{"taxonomy":"category","embeddable":true,"href":"http:\/\/mspontocom.com.br\/site\/wp-json\/wp\/v2\/categories?post=113232"},{"taxonomy":"post_tag","embeddable":true,"href":"http:\/\/mspontocom.com.br\/site\/wp-json\/wp\/v2\/tags?post=113232"}],"curies":[{"name":"wp","href":"https:\/\/api.w.org\/{rel}","templated":true}]}}