{"id":113279,"date":"2016-08-22T13:37:05","date_gmt":"2016-08-22T17:37:05","guid":{"rendered":"https:\/\/mspontocom.com.br\/site\/?p=113279"},"modified":"2016-08-22T13:37:05","modified_gmt":"2016-08-22T17:37:05","slug":"casa-civil-calcula-entre-60-e-63-votos-a-favor-do-impeachment-de-dilma","status":"publish","type":"post","link":"http:\/\/mspontocom.com.br\/site\/casa-civil-calcula-entre-60-e-63-votos-a-favor-do-impeachment-de-dilma\/","title":{"rendered":"Casa Civil calcula entre 60 e 63 votos a favor do impeachment de Dilma"},"content":{"rendered":"<p style=\"text-align: justify;\"><a href=\"https:\/\/mspontocom.com.br\/site\/wp-content\/uploads\/2016\/08\/dilma-adeus1.jpg\"><img loading=\"lazy\" class=\"alignleft size-full wp-image-113280\" alt=\"dilma-adeus\" src=\"https:\/\/mspontocom.com.br\/site\/wp-content\/uploads\/2016\/08\/dilma-adeus1.jpg\" width=\"320\" height=\"207\" srcset=\"http:\/\/mspontocom.com.br\/site\/wp-content\/uploads\/2016\/08\/dilma-adeus1.jpg 320w, http:\/\/mspontocom.com.br\/site\/wp-content\/uploads\/2016\/08\/dilma-adeus1-260x168.jpg 260w\" sizes=\"(max-width: 320px) 100vw, 320px\" \/><\/a>O ministro-chefe da Casa Civil, <strong>Eliseu Padilha<\/strong>, afirmou em entrevista \u00e0 R\u00e1dio Estad\u00e3o, na manh\u00e3 desta segunda-feira, 22,\u00a0 a expectativa do governo interino de<strong> Michel Temer<\/strong> (PMDB) com a vota\u00e7\u00e3o final do processo de <strong>impeachment<\/strong> da presidente afastada, <strong>Dilma Rousseff (PT)<\/strong> no Senado.<\/p>\n<p style=\"text-align: justify;\">\u201cDeveremos ter entre 60 e 63 votos a favor do impeachment\u201d, disse o ministro, emendando: \u201cSendo conservador, deveremos ter 61 votos.\u201d<\/p>\n<p style=\"text-align: justify;\">Apesar da previs\u00e3o, Padilha disse que o governo respeita a independ\u00eancia dos poderes e que o impeachment \u00e9 quest\u00e3o do Senado.<\/p>\n<p style=\"text-align: justify;\">Pela sua previs\u00e3o, Michel Temer dever\u00e1 contar com ampla maioria para continuar no comando do Pa\u00eds.<\/p>\n<p style=\"text-align: justify;\"><span style=\"line-height: 1.5em;\">\u201cGoverno enquanto interino deixa interroga\u00e7\u00f5es, \u00e9 natural\u201d, afirmou. \u201cCom governo definitivo, teremos de conter a expans\u00e3o da d\u00edvida p\u00fablica e reformar o nosso sistema previdenci\u00e1rio\u201d, disse.<\/span><\/p>\n<p>&nbsp;<\/p>\n<p>Fonte: Ag\u00eancia Estado<\/p>\n","protected":false},"excerpt":{"rendered":"<p>O ministro-chefe da Casa Civil, Eliseu Padilha, afirmou em entrevista \u00e0 R\u00e1dio Estad\u00e3o, na manh\u00e3 desta segunda-feira, 22,\u00a0 a expectativa do governo interino de Michel Temer (PMDB) com a vota\u00e7\u00e3o final do processo de impeachment da presidente afastada, Dilma Rousseff (PT) no Senado. \u201cDeveremos ter entre 60 e 63 votos a favor do impeachment\u201d, disse [&hellip;]<\/p>\n","protected":false},"author":2,"featured_media":113280,"comment_status":"open","ping_status":"open","sticky":false,"template":"","format":"standard","meta":{"_monsterinsights_skip_tracking":false,"_monsterinsights_sitenote_active":false,"_monsterinsights_sitenote_note":"","_monsterinsights_sitenote_category":0},"categories":[6,12],"tags":[24905,27097,30254,27096,1282,1978,26433,27098,5441,2264,6587,2788,154,533,2631],"aioseo_notices":[],"_links":{"self":[{"href":"http:\/\/mspontocom.com.br\/site\/wp-json\/wp\/v2\/posts\/113279"}],"collection":[{"href":"http:\/\/mspontocom.com.br\/site\/wp-json\/wp\/v2\/posts"}],"about":[{"href":"http:\/\/mspontocom.com.br\/site\/wp-json\/wp\/v2\/types\/post"}],"author":[{"embeddable":true,"href":"http:\/\/mspontocom.com.br\/site\/wp-json\/wp\/v2\/users\/2"}],"replies":[{"embeddable":true,"href":"http:\/\/mspontocom.com.br\/site\/wp-json\/wp\/v2\/comments?post=113279"}],"version-history":[{"count":0,"href":"http:\/\/mspontocom.com.br\/site\/wp-json\/wp\/v2\/posts\/113279\/revisions"}],"wp:featuredmedia":[{"embeddable":true,"href":"http:\/\/mspontocom.com.br\/site\/wp-json\/wp\/v2\/media\/113280"}],"wp:attachment":[{"href":"http:\/\/mspontocom.com.br\/site\/wp-json\/wp\/v2\/media?parent=113279"}],"wp:term":[{"taxonomy":"category","embeddable":true,"href":"http:\/\/mspontocom.com.br\/site\/wp-json\/wp\/v2\/categories?post=113279"},{"taxonomy":"post_tag","embeddable":true,"href":"http:\/\/mspontocom.com.br\/site\/wp-json\/wp\/v2\/tags?post=113279"}],"curies":[{"name":"wp","href":"https:\/\/api.w.org\/{rel}","templated":true}]}}