{"id":113294,"date":"2016-08-23T07:09:39","date_gmt":"2016-08-23T11:09:39","guid":{"rendered":"https:\/\/mspontocom.com.br\/site\/?p=113294"},"modified":"2016-08-23T07:13:28","modified_gmt":"2016-08-23T11:13:28","slug":"dilma-deve-ser-afastada-com-60-votos-veja-como-vota-senador","status":"publish","type":"post","link":"http:\/\/mspontocom.com.br\/site\/dilma-deve-ser-afastada-com-60-votos-veja-como-vota-senador\/","title":{"rendered":"Dilma deve ser afastada com 60 votos. Veja como vota seu senador"},"content":{"rendered":"<p style=\"text-align: justify;\"><a href=\"https:\/\/mspontocom.com.br\/site\/wp-content\/uploads\/2016\/08\/senado-.jpg\"><img loading=\"lazy\" class=\"alignleft size-full wp-image-113295\" alt=\"senado-\" src=\"https:\/\/mspontocom.com.br\/site\/wp-content\/uploads\/2016\/08\/senado-.jpg\" width=\"556\" height=\"417\" srcset=\"http:\/\/mspontocom.com.br\/site\/wp-content\/uploads\/2016\/08\/senado-.jpg 556w, http:\/\/mspontocom.com.br\/site\/wp-content\/uploads\/2016\/08\/senado--260x195.jpg 260w\" sizes=\"(max-width: 556px) 100vw, 556px\" \/><\/a>A presidente <strong>Dilma Rousseff<\/strong> \u00a0deve ser afastados definitivamente do poder, no final deste m\u00eas.<\/p>\n<p style=\"text-align: justify;\">O ministro-chefe da Casa Civil do governo Michel Temer, Eliseu Padilha, por exemplo, afirmou \u00e0 R\u00e1dio Estad\u00e3o nesta segunda-feira que a expectativa de sua equipe \u00e9 de que a vota\u00e7\u00e3o final do processo de da presidente r\u00e9, Dilma Rousseff (PT), no Senado, \u201cdeve ter entre 60 e 63 votos favor\u00e1veis.<\/p>\n<p style=\"text-align: justify;\"><span style=\"line-height: 1.5em;\">O l\u00edder do Democratas no Senado, Agripino Maia (RN), disse nesta segunda-feira que a expectativa dele \u00e9 que o afastamento definitivo de Dilma ter\u00e1 59 votos, o mesmo n\u00famero que aprovou o a pron\u00fancia no \u00faltimo dia 11 de agosto.<\/span><\/p>\n<p style=\"text-align: justify;\">Neste momento, segundo a m\u00e9dia das avalia\u00e7\u00f5es do\u00a0<b>Di\u00e1rio do Poder<\/b>, o <strong>placar do impeachment<\/strong> est\u00e1 assim:<\/p>\n<p><b>VOTOS A FAVOR DO IMPEACHMENT<\/b><\/p>\n<p>Acir Gurgacz &#8211; PDT\/RO<\/p>\n<p>A\u00e9cio Neves &#8211; PSDB\/MG<\/p>\n<p>Aloysio Nunes Ferreira &#8211; PSDB\/SP<\/p>\n<p>Alvaro Dias &#8211; PV\/PR<\/p>\n<p>Ana Am\u00e9lia &#8211; PP\/RS<\/p>\n<p>Antonio Anastasia &#8211; PSDB\/MG<\/p>\n<p>Antonio Carlos Valadares &#8211; PSB\/SE<\/p>\n<p>Ata\u00eddes Oliveira &#8211; PSDB\/TO<\/p>\n<p>Benedito de Lira &#8211; PP\/AL<\/p>\n<p>C\u00e1ssio Cunha Lima &#8211; PSDB\/PB<\/p>\n<p>Cidinho Santos &#8211; PR\/MT<\/p>\n<p>Ciro Nogueira &#8211; PP\/PI<\/p>\n<p>Cristovam Buarque &#8211; PPS\/DF<\/p>\n<p>Dalirio Beber &#8211; PSDB\/SC<\/p>\n<p>D\u00e1rio Berger &#8211; PMDB\/SC<\/p>\n<p>Davi Alcolumbre &#8211; DEM\/AP<\/p>\n<p>Eduardo Amorim &#8211; PSC\/SE<\/p>\n<p>Eduardo Braga &#8211; PMDB\/AM<\/p>\n<p>Eduardo Lopes &#8211; PRB\/RJ<\/p>\n<p>Eun\u00edcio Oliveira &#8211; PMDB\/CE<\/p>\n<p>Fernando Bezerra Coelho &#8211; PSB\/PE<\/p>\n<p>Fernando Collor &#8211; PTC\/AL<\/p>\n<p>Flexa Ribeiro &#8211; PSDB\/PA<\/p>\n<p>Garibaldi Alves Filho &#8211; PMDB\/RN<\/p>\n<p>Gladson Cameli &#8211; PP\/AC<\/p>\n<p>H\u00e9lio Jos\u00e9 &#8211; PMDB\/DF<\/p>\n<p>Ivo Cassol &#8211; PP\/RO<\/p>\n<p>Jader Barbalho &#8211; PMDB\/PA<\/p>\n<p>Jo\u00e3o Alberto Souza &#8211; PMDB\/MA<\/p>\n<p>Jos\u00e9 Agripino &#8211; DEM\/RN<\/p>\n<p>Jos\u00e9 An\u00edbal &#8211; PSDB\/SP<\/p>\n<p>Jos\u00e9 Maranh\u00e3o &#8211; PMDB\/PB<\/p>\n<p>Jos\u00e9 Medeiros &#8211; PSD\/MT<\/p>\n<p>Lasier Martins &#8211; PDT\/RS<\/p>\n<p>L\u00facia V\u00e2nia &#8211; PSB\/GO<\/p>\n<p>Magno Malta &#8211; PR\/ES<\/p>\n<p>Marta Suplicy &#8211; PMDB\/SP<\/p>\n<p>Omar Aziz &#8211; PSD\/AM<\/p>\n<p>Paulo Bauer &#8211; PSDB\/SC<\/p>\n<p>Pedro Chaves &#8211; PSC\/MS<\/p>\n<p>Raimundo Lira &#8211; PMDB\/PB<\/p>\n<p>Reguffe &#8211; Sem Partido\/DF<\/p>\n<p>Ricardo Ferra\u00e7o &#8211; PSDB\/ES<\/p>\n<p>Ricardo Franco &#8211; DEM\/SE<\/p>\n<p>Roberto Rocha &#8211; PSB\/MA<\/p>\n<p>Rom\u00e1rio &#8211; PSB\/RJ<\/p>\n<p>Romero Juc\u00e1 &#8211; PMDB\/RR<\/p>\n<p>Ronaldo Caiado &#8211; DEM\/GO<\/p>\n<p>Rose de Freitas &#8211; PMDB\/ES<\/p>\n<p>S\u00e9rgio Petec\u00e3o &#8211; PSD\/AC<\/p>\n<p>Simone Tebet &#8211; PMDB\/MS<\/p>\n<p>Tasso Jereissati &#8211; PSDB\/CE<\/p>\n<p>Valdir Raupp &#8211; PMDB\/RO<\/p>\n<p>Vicentinho Alves &#8211; PR\/TO<\/p>\n<p>Waldemir Moka &#8211; PMDB\/MS<\/p>\n<p>Wellington Fagundes &#8211; PR\/MT<\/p>\n<p>Wilder Morais &#8211; PP\/GO<\/p>\n<p>Zeze Perrella &#8211; PTB\/MG<\/p>\n<p><b>VOTOS CONTRA O IMPEACHMENT<\/b><\/p>\n<p>Angela Portela &#8211; PT\/RR<\/p>\n<p>Armando Monteiro &#8211; PTB\/PE<\/p>\n<p>Elmano F\u00e9rrer &#8211; PTB\/PI<\/p>\n<p>F\u00e1tima Bezerra &#8211; PT\/RN<\/p>\n<p>Gleisi Hoffmann &#8211; PT\/PR<\/p>\n<p>Humberto Costa &#8211; PT\/PE<\/p>\n<p>Jo\u00e3o Capiberibe &#8211; PSB\/AP<\/p>\n<p>Jorge Viana &#8211; PT\/AC<\/p>\n<p>Jos\u00e9 Pimentel &#8211; PT\/CE<\/p>\n<p>K\u00e1tia Abreu &#8211; PMDB\/TO<\/p>\n<p>L\u00eddice da Mata &#8211; PSB\/BA<\/p>\n<p>Lindbergh Farias &#8211; PT\/RJ<\/p>\n<p>Otto Alencar &#8211; PSD\/BA<\/p>\n<p>Paulo Paim &#8211; PT\/RS<\/p>\n<p>Paulo Rocha &#8211; PT\/PA<\/p>\n<p>Randolfe Rodrigues &#8211; REDE\/AP<\/p>\n<p>Regina Sousa &#8211; PT\/PI<\/p>\n<p>Roberto Requi\u00e3o &#8211; PMDB\/PR<\/p>\n<p>Telm\u00e1rio Mota &#8211; PDT\/RR<\/p>\n<p>Vanessa Grazziotin &#8211; PCdoB\/AM<\/p>\n<p><b>INDECISOS\/AUSENTES<\/b><\/p>\n<p>Renan Calheiros &#8211; PMDB\/AL<\/p>\n<p>&nbsp;<\/p>\n","protected":false},"excerpt":{"rendered":"<p>A presidente Dilma Rousseff \u00a0deve ser afastados definitivamente do poder, no final deste m\u00eas. O ministro-chefe da Casa Civil do governo Michel Temer, Eliseu Padilha, por exemplo, afirmou \u00e0 R\u00e1dio Estad\u00e3o nesta segunda-feira que a expectativa de sua equipe \u00e9 de que a vota\u00e7\u00e3o final do processo de da presidente r\u00e9, Dilma Rousseff (PT), no [&hellip;]<\/p>\n","protected":false},"author":2,"featured_media":113295,"comment_status":"open","ping_status":"open","sticky":false,"template":"","format":"standard","meta":{"_monsterinsights_skip_tracking":false,"_monsterinsights_sitenote_active":false,"_monsterinsights_sitenote_note":"","_monsterinsights_sitenote_category":0},"categories":[6,12],"tags":[27106,30254,27105,1978,5441,6587,154,3698,14362,24789,4002],"aioseo_notices":[],"_links":{"self":[{"href":"http:\/\/mspontocom.com.br\/site\/wp-json\/wp\/v2\/posts\/113294"}],"collection":[{"href":"http:\/\/mspontocom.com.br\/site\/wp-json\/wp\/v2\/posts"}],"about":[{"href":"http:\/\/mspontocom.com.br\/site\/wp-json\/wp\/v2\/types\/post"}],"author":[{"embeddable":true,"href":"http:\/\/mspontocom.com.br\/site\/wp-json\/wp\/v2\/users\/2"}],"replies":[{"embeddable":true,"href":"http:\/\/mspontocom.com.br\/site\/wp-json\/wp\/v2\/comments?post=113294"}],"version-history":[{"count":0,"href":"http:\/\/mspontocom.com.br\/site\/wp-json\/wp\/v2\/posts\/113294\/revisions"}],"wp:featuredmedia":[{"embeddable":true,"href":"http:\/\/mspontocom.com.br\/site\/wp-json\/wp\/v2\/media\/113295"}],"wp:attachment":[{"href":"http:\/\/mspontocom.com.br\/site\/wp-json\/wp\/v2\/media?parent=113294"}],"wp:term":[{"taxonomy":"category","embeddable":true,"href":"http:\/\/mspontocom.com.br\/site\/wp-json\/wp\/v2\/categories?post=113294"},{"taxonomy":"post_tag","embeddable":true,"href":"http:\/\/mspontocom.com.br\/site\/wp-json\/wp\/v2\/tags?post=113294"}],"curies":[{"name":"wp","href":"https:\/\/api.w.org\/{rel}","templated":true}]}}