{"id":113315,"date":"2016-08-23T13:59:29","date_gmt":"2016-08-23T17:59:29","guid":{"rendered":"https:\/\/mspontocom.com.br\/site\/?p=113315"},"modified":"2016-08-23T13:47:21","modified_gmt":"2016-08-23T17:47:21","slug":"temer-recebe-senadores-indecisos-as-vesperas-do-impeachment","status":"publish","type":"post","link":"http:\/\/mspontocom.com.br\/site\/temer-recebe-senadores-indecisos-as-vesperas-do-impeachment\/","title":{"rendered":"Temer recebe senadores indecisos \u00e0s v\u00e9speras do impeachment"},"content":{"rendered":"<p style=\"text-align: justify;\"><a href=\"https:\/\/mspontocom.com.br\/site\/wp-content\/uploads\/2016\/08\/Michel-Temer.jpg\"><img loading=\"lazy\" class=\"alignleft size-full wp-image-113316\" alt=\"Michel-Temer\" src=\"https:\/\/mspontocom.com.br\/site\/wp-content\/uploads\/2016\/08\/Michel-Temer.jpg\" width=\"590\" height=\"320\" srcset=\"http:\/\/mspontocom.com.br\/site\/wp-content\/uploads\/2016\/08\/Michel-Temer.jpg 590w, http:\/\/mspontocom.com.br\/site\/wp-content\/uploads\/2016\/08\/Michel-Temer-260x141.jpg 260w\" sizes=\"(max-width: 590px) 100vw, 590px\" \/><\/a>Na semana em que come\u00e7a a fase decisiva do<strong> impeachment<\/strong> da presidente afastada<strong> Dilma Rousseff<\/strong>, o presidente em exerc\u00edcio <strong>Michel Temer<\/strong> abriu a agenda e recebe na nesta ter\u00e7a-feira, 23, o senador e ex-ministro de Dilma <strong>Edison Lob\u00e3o (PMDB-MA)<\/strong> e outros parlamentares.<\/p>\n<p style=\"text-align: justify;\">Entre os integrantes da reuni\u00e3o est\u00e1 tamb\u00e9m o senador<strong> Roberto Rocha (PSB-MA)<\/strong>, que, conforme o Placar do Impeachment elaborado pelo Estado, aparece como indeciso.<\/p>\n<p style=\"text-align: justify;\">Tamb\u00e9m participa do encontro o senador <strong>Jo\u00e3o Alberto Souza (PMDB-MA)<\/strong>, que, decidiu votar pelo prosseguimento do impeachment apesar de dizer que n\u00e3o acredita em crime da presidente e que mudou o voto por raz\u00f5es pol\u00edticas.<\/p>\n<p style=\"text-align: justify;\">&#8220;N\u00e3o mudei de ideia, a minha postura foi em fun\u00e7\u00e3o da conjuntura pol\u00edtica. N\u00e3o foi em fun\u00e7\u00e3o de haver cometido ou n\u00e3o o crime. \u00c9 uma postura pelo Brasil, de achar que no momento fica muito dif\u00edcil para a presidente governar&#8221;, disse\u00a0Jo\u00e3o Alberto, na ocasi\u00e3o. O senador havia votado contra a abertura do processo de impeachment em maio.<\/p>\n<p style=\"text-align: justify;\">fonte: (AE)<\/p>\n","protected":false},"excerpt":{"rendered":"<p>Na semana em que come\u00e7a a fase decisiva do impeachment da presidente afastada Dilma Rousseff, o presidente em exerc\u00edcio Michel Temer abriu a agenda e recebe na nesta ter\u00e7a-feira, 23, o senador e ex-ministro de Dilma Edison Lob\u00e3o (PMDB-MA) e outros parlamentares. Entre os integrantes da reuni\u00e3o est\u00e1 tamb\u00e9m o senador Roberto Rocha (PSB-MA), que, [&hellip;]<\/p>\n","protected":false},"author":2,"featured_media":113316,"comment_status":"open","ping_status":"open","sticky":false,"template":"","format":"standard","meta":{"_monsterinsights_skip_tracking":false,"_monsterinsights_sitenote_active":false,"_monsterinsights_sitenote_note":"","_monsterinsights_sitenote_category":0},"categories":[6,12],"tags":[27111,195,5637,5441,25736,6587,154,24464,12880,155],"aioseo_notices":[],"_links":{"self":[{"href":"http:\/\/mspontocom.com.br\/site\/wp-json\/wp\/v2\/posts\/113315"}],"collection":[{"href":"http:\/\/mspontocom.com.br\/site\/wp-json\/wp\/v2\/posts"}],"about":[{"href":"http:\/\/mspontocom.com.br\/site\/wp-json\/wp\/v2\/types\/post"}],"author":[{"embeddable":true,"href":"http:\/\/mspontocom.com.br\/site\/wp-json\/wp\/v2\/users\/2"}],"replies":[{"embeddable":true,"href":"http:\/\/mspontocom.com.br\/site\/wp-json\/wp\/v2\/comments?post=113315"}],"version-history":[{"count":0,"href":"http:\/\/mspontocom.com.br\/site\/wp-json\/wp\/v2\/posts\/113315\/revisions"}],"wp:featuredmedia":[{"embeddable":true,"href":"http:\/\/mspontocom.com.br\/site\/wp-json\/wp\/v2\/media\/113316"}],"wp:attachment":[{"href":"http:\/\/mspontocom.com.br\/site\/wp-json\/wp\/v2\/media?parent=113315"}],"wp:term":[{"taxonomy":"category","embeddable":true,"href":"http:\/\/mspontocom.com.br\/site\/wp-json\/wp\/v2\/categories?post=113315"},{"taxonomy":"post_tag","embeddable":true,"href":"http:\/\/mspontocom.com.br\/site\/wp-json\/wp\/v2\/tags?post=113315"}],"curies":[{"name":"wp","href":"https:\/\/api.w.org\/{rel}","templated":true}]}}