{"id":113326,"date":"2016-08-24T07:05:47","date_gmt":"2016-08-24T11:05:47","guid":{"rendered":"https:\/\/mspontocom.com.br\/site\/?p=113326"},"modified":"2016-08-24T07:08:13","modified_gmt":"2016-08-24T11:08:13","slug":"dilma-pede-anulacao-processo-de-impeachment-stf-nega","status":"publish","type":"post","link":"http:\/\/mspontocom.com.br\/site\/dilma-pede-anulacao-processo-de-impeachment-stf-nega\/","title":{"rendered":"Dilma pede anula\u00e7\u00e3o do processo de impeachment. STF nega"},"content":{"rendered":"<p style=\"text-align: justify;\"><a href=\"https:\/\/mspontocom.com.br\/site\/wp-content\/uploads\/2016\/08\/dilma-desesperada.jpeg\"><img loading=\"lazy\" class=\"alignleft size-full wp-image-113327\" alt=\"dilma-desesperada\" src=\"https:\/\/mspontocom.com.br\/site\/wp-content\/uploads\/2016\/08\/dilma-desesperada.jpeg\" width=\"690\" height=\"518\" srcset=\"http:\/\/mspontocom.com.br\/site\/wp-content\/uploads\/2016\/08\/dilma-desesperada.jpeg 690w, http:\/\/mspontocom.com.br\/site\/wp-content\/uploads\/2016\/08\/dilma-desesperada-260x195.jpeg 260w\" sizes=\"(max-width: 690px) 100vw, 690px\" \/><\/a>O presidente do Supremo Tribunal Federal (STF),<strong> Ricardo Lewandowski<\/strong>, negou nesta ter\u00e7a-feira, 23, pedido da defesa da presidente afastada <strong>Dilma Roussef<\/strong>f para anular o processo de<strong> impeachment.<\/strong><\/p>\n<p style=\"text-align: justify;\">A defesa de Dilma queria anular a decis\u00e3o de pron\u00fancia, sob a alega\u00e7\u00e3o de que o procedimento de vota\u00e7\u00e3o na sess\u00e3o do plen\u00e1rio do Senado de 10 de agosto, ocorreu com &#8220;viola\u00e7\u00e3o ao devido processo legal&#8221; e ao direito de defesa da petista.<\/p>\n<p style=\"text-align: justify;\"><strong>&#8220;N\u00e3o vislumbro nenhuma nulidade na decis\u00e3o de pron\u00fancia proferida pelo Senado Federal. \u00c9 que o fato de as (quest\u00f5es) prejudiciais e as preliminares terem sido votadas em bloco n\u00e3o trouxe qualquer preju\u00edzo \u00e0 acusada&#8221;, argumentou Lewandowski em sua decis\u00e3o.<\/strong><\/p>\n<p style=\"text-align: justify;\">O presidente do STF destacou que os senadores, por vota\u00e7\u00e3o majorit\u00e1ria, decidiram n\u00e3o s\u00f3 &#8220;rejeitar todas as (quest\u00f5es) prejudiciais e preliminares, das quais tinham plena ci\u00eancia, como tamb\u00e9m acolher &#8211; para os fins de pron\u00fancia &#8211; as duas imputa\u00e7\u00f5es assacadas contra a acusada&#8221;.<\/p>\n<p style=\"text-align: justify;\"><span style=\"line-height: 1.5em;\">\u00a0O julgamento final do impeachment est\u00e1 marcado para come\u00e7ar nesta quinta-feira, 25. <\/span><\/p>\n<p style=\"text-align: justify;\"><span style=\"line-height: 1.5em;\">fonte: (AE)<\/span><\/p>\n","protected":false},"excerpt":{"rendered":"<p>O presidente do Supremo Tribunal Federal (STF), Ricardo Lewandowski, negou nesta ter\u00e7a-feira, 23, pedido da defesa da presidente afastada Dilma Rousseff para anular o processo de impeachment. A defesa de Dilma queria anular a decis\u00e3o de pron\u00fancia, sob a alega\u00e7\u00e3o de que o procedimento de vota\u00e7\u00e3o na sess\u00e3o do plen\u00e1rio do Senado de 10 de [&hellip;]<\/p>\n","protected":false},"author":2,"featured_media":113327,"comment_status":"open","ping_status":"open","sticky":false,"template":"","format":"standard","meta":{"_monsterinsights_skip_tracking":false,"_monsterinsights_sitenote_active":false,"_monsterinsights_sitenote_note":"","_monsterinsights_sitenote_category":0},"categories":[6,2528,12],"tags":[7548,30254,195,5441,6587,25072,24690,154,2934,26666,3014],"aioseo_notices":[],"_links":{"self":[{"href":"http:\/\/mspontocom.com.br\/site\/wp-json\/wp\/v2\/posts\/113326"}],"collection":[{"href":"http:\/\/mspontocom.com.br\/site\/wp-json\/wp\/v2\/posts"}],"about":[{"href":"http:\/\/mspontocom.com.br\/site\/wp-json\/wp\/v2\/types\/post"}],"author":[{"embeddable":true,"href":"http:\/\/mspontocom.com.br\/site\/wp-json\/wp\/v2\/users\/2"}],"replies":[{"embeddable":true,"href":"http:\/\/mspontocom.com.br\/site\/wp-json\/wp\/v2\/comments?post=113326"}],"version-history":[{"count":0,"href":"http:\/\/mspontocom.com.br\/site\/wp-json\/wp\/v2\/posts\/113326\/revisions"}],"wp:featuredmedia":[{"embeddable":true,"href":"http:\/\/mspontocom.com.br\/site\/wp-json\/wp\/v2\/media\/113327"}],"wp:attachment":[{"href":"http:\/\/mspontocom.com.br\/site\/wp-json\/wp\/v2\/media?parent=113326"}],"wp:term":[{"taxonomy":"category","embeddable":true,"href":"http:\/\/mspontocom.com.br\/site\/wp-json\/wp\/v2\/categories?post=113326"},{"taxonomy":"post_tag","embeddable":true,"href":"http:\/\/mspontocom.com.br\/site\/wp-json\/wp\/v2\/tags?post=113326"}],"curies":[{"name":"wp","href":"https:\/\/api.w.org\/{rel}","templated":true}]}}