{"id":113398,"date":"2016-08-26T08:06:14","date_gmt":"2016-08-26T12:06:14","guid":{"rendered":"https:\/\/mspontocom.com.br\/site\/?p=113398"},"modified":"2016-08-26T08:43:43","modified_gmt":"2016-08-26T12:43:43","slug":"temer-chega-40-de-aprovacao-mas-504-ainda-desaprovam","status":"publish","type":"post","link":"http:\/\/mspontocom.com.br\/site\/temer-chega-40-de-aprovacao-mas-504-ainda-desaprovam\/","title":{"rendered":"TEMER chega a 40% de aprova\u00e7\u00e3o, mas 50,4% ainda desaprovam"},"content":{"rendered":"<p style=\"text-align: justify;\"><a href=\"https:\/\/mspontocom.com.br\/site\/wp-content\/uploads\/2016\/08\/temer1.jpg\"><img loading=\"lazy\" class=\"alignleft size-full wp-image-113399\" alt=\"temer1\" src=\"https:\/\/mspontocom.com.br\/site\/wp-content\/uploads\/2016\/08\/temer1.jpg\" width=\"699\" height=\"420\" srcset=\"http:\/\/mspontocom.com.br\/site\/wp-content\/uploads\/2016\/08\/temer1.jpg 699w, http:\/\/mspontocom.com.br\/site\/wp-content\/uploads\/2016\/08\/temer1-260x156.jpg 260w\" sizes=\"(max-width: 699px) 100vw, 699px\" \/><\/a>Segundo a<strong> pesquisa<\/strong> realizada pelo Instituto Paran\u00e1 o governo do presidente em exerc\u00edcio <strong>Michel Temer<\/strong> (PMDB) tem 40,6% de aprova\u00e7\u00e3o, j\u00e1 a desaprova\u00e7\u00e3o \u00e9 de 50,4%.<em><strong> (ver pesquisa completa mais abaixo)<\/strong><\/em><\/p>\n<p style=\"text-align: justify;\">N\u00e3o souberam, ou n\u00e3o quiseram opinar 9,1%. Os n\u00fameros mostram o crescimento da aprova\u00e7\u00e3o, que logo ap\u00f3s sua posse se situavam em torno dos 15%.<\/p>\n<p style=\"text-align: justify;\">A credibilidade de Temer vem evoluindo gradativamente. Em junho aprova\u00e7\u00e3o do presidente era de 36,2%, a desaprova\u00e7\u00e3o era de 55,4%. J\u00e1 em julho, houve uma pequena melhora, 38,6% aprovavam e 52,0% desaprovavam seu governo.<\/p>\n<p style=\"text-align: justify;\">Foram ouvidas 2.023 pessoas entre os dias 20 e 24 de agosto de 2016. A pesquisa foi realizada em 157 munic\u00edpios em 24 Estados e no Distrito Federal. O grau de confian\u00e7a atinge 95,0% para uma margem de erro de 2,0%.<\/p>\n<p style=\"text-align: justify;\">Pesquisa completa em:\u00a0<a href=\"https:\/\/www.paranapesquisas.com.br\/wp-content\/uploads\/2016\/08\/BRJAgo16_M%C3%ADdia..pdf\">BRJAgo16_M\u00eddia.<\/a><\/p>\n<p>&nbsp;<\/p>\n<p>&nbsp;<\/p>\n","protected":false},"excerpt":{"rendered":"<p>Segundo a pesquisa realizada pelo Instituto Paran\u00e1 o governo do presidente em exerc\u00edcio Michel Temer (PMDB) tem 40,6% de aprova\u00e7\u00e3o, j\u00e1 a desaprova\u00e7\u00e3o \u00e9 de 50,4%. (ver pesquisa completa mais abaixo) N\u00e3o souberam, ou n\u00e3o quiseram opinar 9,1%. Os n\u00fameros mostram o crescimento da aprova\u00e7\u00e3o, que logo ap\u00f3s sua posse se situavam em torno dos [&hellip;]<\/p>\n","protected":false},"author":2,"featured_media":113399,"comment_status":"open","ping_status":"open","sticky":false,"template":"","format":"standard","meta":{"_monsterinsights_skip_tracking":false,"_monsterinsights_sitenote_active":false,"_monsterinsights_sitenote_note":"","_monsterinsights_sitenote_category":0},"categories":[6,12],"tags":[27142,8010,27134,27135,7418,30254,27137,27133,2264,6587,733,154],"aioseo_notices":[],"_links":{"self":[{"href":"http:\/\/mspontocom.com.br\/site\/wp-json\/wp\/v2\/posts\/113398"}],"collection":[{"href":"http:\/\/mspontocom.com.br\/site\/wp-json\/wp\/v2\/posts"}],"about":[{"href":"http:\/\/mspontocom.com.br\/site\/wp-json\/wp\/v2\/types\/post"}],"author":[{"embeddable":true,"href":"http:\/\/mspontocom.com.br\/site\/wp-json\/wp\/v2\/users\/2"}],"replies":[{"embeddable":true,"href":"http:\/\/mspontocom.com.br\/site\/wp-json\/wp\/v2\/comments?post=113398"}],"version-history":[{"count":0,"href":"http:\/\/mspontocom.com.br\/site\/wp-json\/wp\/v2\/posts\/113398\/revisions"}],"wp:featuredmedia":[{"embeddable":true,"href":"http:\/\/mspontocom.com.br\/site\/wp-json\/wp\/v2\/media\/113399"}],"wp:attachment":[{"href":"http:\/\/mspontocom.com.br\/site\/wp-json\/wp\/v2\/media?parent=113398"}],"wp:term":[{"taxonomy":"category","embeddable":true,"href":"http:\/\/mspontocom.com.br\/site\/wp-json\/wp\/v2\/categories?post=113398"},{"taxonomy":"post_tag","embeddable":true,"href":"http:\/\/mspontocom.com.br\/site\/wp-json\/wp\/v2\/tags?post=113398"}],"curies":[{"name":"wp","href":"https:\/\/api.w.org\/{rel}","templated":true}]}}