{"id":113438,"date":"2016-08-27T07:41:31","date_gmt":"2016-08-27T11:41:31","guid":{"rendered":"https:\/\/mspontocom.com.br\/site\/?p=113438"},"modified":"2016-08-27T07:44:23","modified_gmt":"2016-08-27T11:44:23","slug":"documentario-lula-teria-ordenado-estrategia-de-insultos-senado","status":"publish","type":"post","link":"http:\/\/mspontocom.com.br\/site\/documentario-lula-teria-ordenado-estrategia-de-insultos-senado\/","title":{"rendered":"Document\u00e1rio: Lula teria ordenado &#8220;estrat\u00e9gia de insultos&#8221; no Senado"},"content":{"rendered":"<p style=\"text-align: justify;\"><a href=\"https:\/\/mspontocom.com.br\/site\/wp-content\/uploads\/2016\/08\/bate_boca4.jpg\"><img loading=\"lazy\" class=\"alignleft size-full wp-image-113439\" alt=\"bate_boca4\" src=\"https:\/\/mspontocom.com.br\/site\/wp-content\/uploads\/2016\/08\/bate_boca4.jpg\" width=\"610\" height=\"406\" srcset=\"http:\/\/mspontocom.com.br\/site\/wp-content\/uploads\/2016\/08\/bate_boca4.jpg 610w, http:\/\/mspontocom.com.br\/site\/wp-content\/uploads\/2016\/08\/bate_boca4-260x173.jpg 260w\" sizes=\"(max-width: 610px) 100vw, 610px\" \/><\/a>A <strong>\u201cestrat\u00e9gia do insulto\u201d<\/strong> foi ordenada pelo ex-presidente <strong>Lula<\/strong> aos senadores aliados, no julgamento de <strong>impeachment<\/strong> de Dilma, segundo revelou \u00e0 coluna Di\u00e1rio do Poder, \u00a0um senador do PT.<\/p>\n<p style=\"text-align: justify;\">A express\u00e3o \u201co Senado n\u00e3o tem moral para cassar ningu\u00e9m\u201d \u00e9 do pr\u00f3prio Lula.<\/p>\n<p style=\"text-align: justify;\">Ele j\u00e1 n\u00e3o pretende reverter o impeachment, mas utilizar esses insultos no <strong>document\u00e1rio \u201cGolpe\u201d<\/strong>, no qual o<strong> PT<\/strong> deposita sua esperan\u00e7a de \u201csalva\u00e7\u00e3o\u201d nas pr\u00f3ximas elei\u00e7\u00f5es.<\/p>\n<p style=\"text-align: justify;\">A informa\u00e7\u00e3o \u00e9 do colunista Cl\u00e1udio Humberto.<\/p>\n<p style=\"text-align: justify;\">A ideia do document\u00e1rio, de produ\u00e7\u00e3o milion\u00e1ria, seria do marqueteiro Jo\u00e3o Santana. Ser\u00e1 usado na elei\u00e7\u00e3o do Brasil e exibi\u00e7\u00f5es no exterior.<\/p>\n<p style=\"text-align: justify;\"><span style=\"line-height: 1.5em;\">No encontro de ontem no Alvorada, o indiciado Lula fez ver a <strong>Dilma<\/strong> que ela ser\u00e1 condenada, e a aconselhou tamb\u00e9m a atacar o Senado.<\/span><\/p>\n<p style=\"text-align: justify;\">\n","protected":false},"excerpt":{"rendered":"<p>A \u201cestrat\u00e9gia do insulto\u201d foi ordenada pelo ex-presidente Lula aos senadores aliados, no julgamento de impeachment de Dilma, segundo revelou \u00e0 coluna Di\u00e1rio do Poder, \u00a0um senador do PT. A express\u00e3o \u201co Senado n\u00e3o tem moral para cassar ningu\u00e9m\u201d \u00e9 do pr\u00f3prio Lula. Ele j\u00e1 n\u00e3o pretende reverter o impeachment, mas utilizar esses insultos no [&hellip;]<\/p>\n","protected":false},"author":2,"featured_media":113439,"comment_status":"open","ping_status":"open","sticky":false,"template":"","format":"standard","meta":{"_monsterinsights_skip_tracking":false,"_monsterinsights_sitenote_active":false,"_monsterinsights_sitenote_note":"","_monsterinsights_sitenote_category":0},"categories":[6,12],"tags":[27155,30254,1978,7255,3109,5441,480,6587,154,533,914,27154],"aioseo_notices":[],"_links":{"self":[{"href":"http:\/\/mspontocom.com.br\/site\/wp-json\/wp\/v2\/posts\/113438"}],"collection":[{"href":"http:\/\/mspontocom.com.br\/site\/wp-json\/wp\/v2\/posts"}],"about":[{"href":"http:\/\/mspontocom.com.br\/site\/wp-json\/wp\/v2\/types\/post"}],"author":[{"embeddable":true,"href":"http:\/\/mspontocom.com.br\/site\/wp-json\/wp\/v2\/users\/2"}],"replies":[{"embeddable":true,"href":"http:\/\/mspontocom.com.br\/site\/wp-json\/wp\/v2\/comments?post=113438"}],"version-history":[{"count":0,"href":"http:\/\/mspontocom.com.br\/site\/wp-json\/wp\/v2\/posts\/113438\/revisions"}],"wp:featuredmedia":[{"embeddable":true,"href":"http:\/\/mspontocom.com.br\/site\/wp-json\/wp\/v2\/media\/113439"}],"wp:attachment":[{"href":"http:\/\/mspontocom.com.br\/site\/wp-json\/wp\/v2\/media?parent=113438"}],"wp:term":[{"taxonomy":"category","embeddable":true,"href":"http:\/\/mspontocom.com.br\/site\/wp-json\/wp\/v2\/categories?post=113438"},{"taxonomy":"post_tag","embeddable":true,"href":"http:\/\/mspontocom.com.br\/site\/wp-json\/wp\/v2\/tags?post=113438"}],"curies":[{"name":"wp","href":"https:\/\/api.w.org\/{rel}","templated":true}]}}