{"id":113625,"date":"2016-09-02T09:59:19","date_gmt":"2016-09-02T13:59:19","guid":{"rendered":"https:\/\/mspontocom.com.br\/site\/?p=113625"},"modified":"2016-09-02T08:44:37","modified_gmt":"2016-09-02T12:44:37","slug":"caiado-diz-que-acordo-pt-pmdb-beneficiara-todo-politico-cassado","status":"publish","type":"post","link":"http:\/\/mspontocom.com.br\/site\/caiado-diz-que-acordo-pt-pmdb-beneficiara-todo-politico-cassado\/","title":{"rendered":"Caiado diz que acordo PT-PMDB beneficiar\u00e1 todo pol\u00edtico cassado"},"content":{"rendered":"<p style=\"text-align: justify;\"><a href=\"https:\/\/mspontocom.com.br\/site\/wp-content\/uploads\/2016\/09\/ronaldo_caiado.jpg\"><img loading=\"lazy\" class=\"alignleft size-full wp-image-113626\" alt=\"ronaldo_caiado\" src=\"https:\/\/mspontocom.com.br\/site\/wp-content\/uploads\/2016\/09\/ronaldo_caiado.jpg\" width=\"645\" height=\"388\" srcset=\"http:\/\/mspontocom.com.br\/site\/wp-content\/uploads\/2016\/09\/ronaldo_caiado.jpg 645w, http:\/\/mspontocom.com.br\/site\/wp-content\/uploads\/2016\/09\/ronaldo_caiado-260x156.jpg 260w\" sizes=\"(max-width: 645px) 100vw, 645px\" \/><\/a>O senador <strong><span style=\"line-height: 1.5em;\">Ronaldo Caiado (DEM-GO<\/span><\/strong><span style=\"line-height: 1.5em;\"><strong>)<\/strong> disse ser preocupante os desdobramentos do<strong> &#8220;acordo PT-PMDB<\/strong> que permitiu a vota\u00e7\u00e3o fatiada da pena do<strong> impeachment<\/strong>&#8220;.<\/span><\/p>\n<p style=\"text-align: justify;\">Segundo Caiado, \u00e9 necess\u00e1rio saber quais ser\u00e3o as consequ\u00eancias dessa vota\u00e7\u00e3o em outros processos de cassa\u00e7\u00e3o de mandato que vai permitir a <strong>Dilma Rousseff<\/strong> assumir um cargo p\u00fablico mesmo condenada por crime de responsabilidade.<\/p>\n<p style=\"text-align: justify;\">\u201c\u00c9 preciso saber quais os desdobramentos do grande acordo PT-PMDB e se esse acordo ainda est\u00e1 em fase de elabora\u00e7\u00e3o ou conclus\u00e3o&#8221;, disse o l\u00edder do DEM no Senado. &#8220;O fato que \u00e9 foi aberto um precedente grave. Houve uma manobra para permitir que uma pessoa cassada assuma um cargo p\u00fablico e tenha foro privilegiado ficando livre da primeira inst\u00e2ncia da justi\u00e7a. Essa \u00e9 a mensagem que ficou\u201d, completou.<\/p>\n<p style=\"text-align: justify;\">O l\u00edder ainda reiterou que manter\u00e1 sua posi\u00e7\u00e3o de independ\u00eancia em rela\u00e7\u00e3o ao governo do presidente Michel Temer. \u201cSempre falamos em manter a mesma tese de apoio cr\u00edtico, com independ\u00eancia. Minha postura ser\u00e1 de atuar pelos pontos positivos propostos e dentro da pauta formulada pelos movimentos de rua. Todos sabem da minha luta pelo afastamento da ex-presidente. Agora, outras mat\u00e9rias propostas como reajuste de teto do Supremo ter\u00e3o minha posi\u00e7\u00e3o contr\u00e1ria\u201d, pontuou.<\/p>\n<p style=\"text-align: justify;\">fonte: Di\u00e1rio do Poder<\/p>\n<p style=\"text-align: justify;\">\n","protected":false},"excerpt":{"rendered":"<p>O senador Ronaldo Caiado (DEM-GO) disse ser preocupante os desdobramentos do &#8220;acordo PT-PMDB que permitiu a vota\u00e7\u00e3o fatiada da pena do impeachment&#8220;. Segundo Caiado, \u00e9 necess\u00e1rio saber quais ser\u00e3o as consequ\u00eancias dessa vota\u00e7\u00e3o em outros processos de cassa\u00e7\u00e3o de mandato que vai permitir a Dilma Rousseff assumir um cargo p\u00fablico mesmo condenada por crime de [&hellip;]<\/p>\n","protected":false},"author":2,"featured_media":113626,"comment_status":"open","ping_status":"open","sticky":false,"template":"","format":"standard","meta":{"_monsterinsights_skip_tracking":false,"_monsterinsights_sitenote_active":false,"_monsterinsights_sitenote_note":"","_monsterinsights_sitenote_category":0},"categories":[2528,12],"tags":[7556,27223,30254,16486,1350,6587,154,25571,27222,15610,3698],"aioseo_notices":[],"_links":{"self":[{"href":"http:\/\/mspontocom.com.br\/site\/wp-json\/wp\/v2\/posts\/113625"}],"collection":[{"href":"http:\/\/mspontocom.com.br\/site\/wp-json\/wp\/v2\/posts"}],"about":[{"href":"http:\/\/mspontocom.com.br\/site\/wp-json\/wp\/v2\/types\/post"}],"author":[{"embeddable":true,"href":"http:\/\/mspontocom.com.br\/site\/wp-json\/wp\/v2\/users\/2"}],"replies":[{"embeddable":true,"href":"http:\/\/mspontocom.com.br\/site\/wp-json\/wp\/v2\/comments?post=113625"}],"version-history":[{"count":0,"href":"http:\/\/mspontocom.com.br\/site\/wp-json\/wp\/v2\/posts\/113625\/revisions"}],"wp:featuredmedia":[{"embeddable":true,"href":"http:\/\/mspontocom.com.br\/site\/wp-json\/wp\/v2\/media\/113626"}],"wp:attachment":[{"href":"http:\/\/mspontocom.com.br\/site\/wp-json\/wp\/v2\/media?parent=113625"}],"wp:term":[{"taxonomy":"category","embeddable":true,"href":"http:\/\/mspontocom.com.br\/site\/wp-json\/wp\/v2\/categories?post=113625"},{"taxonomy":"post_tag","embeddable":true,"href":"http:\/\/mspontocom.com.br\/site\/wp-json\/wp\/v2\/tags?post=113625"}],"curies":[{"name":"wp","href":"https:\/\/api.w.org\/{rel}","templated":true}]}}