{"id":113890,"date":"2016-09-12T06:50:12","date_gmt":"2016-09-12T10:50:12","guid":{"rendered":"https:\/\/mspontocom.com.br\/site\/?p=113890"},"modified":"2016-09-12T16:16:46","modified_gmt":"2016-09-12T20:16:46","slug":"pressao-popular-faz-temer-abandonar-cunha-as-vesperas-da-cassacao","status":"publish","type":"post","link":"http:\/\/mspontocom.com.br\/site\/pressao-popular-faz-temer-abandonar-cunha-as-vesperas-da-cassacao\/","title":{"rendered":"Press\u00e3o popular faz Temer abandonar Cunha \u00e0s v\u00e9speras da cassa\u00e7\u00e3o"},"content":{"rendered":"<p style=\"text-align: justify;\"><span style=\"line-height: 1.5em;\"><a href=\"https:\/\/mspontocom.com.br\/site\/wp-content\/uploads\/2016\/09\/cunha.jpg\"><img loading=\"lazy\" class=\"alignleft size-full wp-image-113926\" alt=\"cunha\" src=\"https:\/\/mspontocom.com.br\/site\/wp-content\/uploads\/2016\/09\/cunha.jpg\" width=\"275\" height=\"183\" srcset=\"http:\/\/mspontocom.com.br\/site\/wp-content\/uploads\/2016\/09\/cunha.jpg 275w, http:\/\/mspontocom.com.br\/site\/wp-content\/uploads\/2016\/09\/cunha-260x173.jpg 260w\" sizes=\"(max-width: 275px) 100vw, 275px\" \/><\/a>A <strong>press\u00e3o das ruas<\/strong> contra o deputado afastado<strong> Eduardo Cunha<\/strong> (PMDB-RJ) e sobre o presidente Michel Temer levou o Pal\u00e1cio do Planalto a descartar qualquer possibilidade de ajudar o parlamentar a manter o mandato na sess\u00e3o que decidir\u00e1 o futuro pol\u00edtico dele.<\/span><\/p>\n<p style=\"text-align: justify;\">A sess\u00e3o est\u00e1 marcada para as 19h desta segunda-feira (12)<\/p>\n<p style=\"text-align: justify;\">Para o governo, a digital da Presid\u00eancia numa articula\u00e7\u00e3o favor\u00e1vel a Cunha poder\u00e1 fortalecer os protestos anti-Temer.<\/p>\n<p style=\"text-align: justify;\">Segundo um interlocutor de Temer, a<strong> press\u00e3o das ruas<\/strong> contra Cunha cresceu muito nos \u00faltimos dias, como se fosse uma \u201cfor\u00e7a de fora para dentro\u201d e n\u00e3o h\u00e1 como se contrapor a isso.<\/p>\n<p style=\"text-align: justify;\"><strong>\u00a0Temer<\/strong> optou por ficar distante das articula\u00e7\u00f5es para tentar salv\u00e1-lo e vai assumir os riscos que a perda do mandato do peemedebista podem significar para o governo \u2013 h\u00e1 expectativa de que Cunha, se cassado e sem direitos pol\u00edticos, possa tentar uma <strong>dela\u00e7\u00e3o premiada na Opera\u00e7\u00e3o Lava Jato.<\/strong><\/p>\n<p style=\"text-align: justify;\"><strong>Deputados<\/strong><\/p>\n<p style=\"text-align: justify;\">Deputado tamb\u00e9m \u00a0afirmam que est\u00e3o sendo cobrados em suas bases. \u201c<strong>Todo mundo s\u00f3 me pergunta sobre isso. As pessoas est\u00e3o acompanhando\u201d<\/strong>, afirmou o deputado J\u00falio Delgado (PSB-MG), advers\u00e1rio de Cunha.<\/p>\n<p style=\"text-align: justify;\"><span style=\"line-height: 1.5em;\">O pr\u00f3prio presidente da C\u00e2mara, Rodrigo Maia (DEM-RJ), aposta que haver\u00e1 um n\u00famero elevado de parlamentares e j\u00e1 admite abrir a vota\u00e7\u00e3o a partir de 400 presentes no plen\u00e1rio \u2013 e n\u00e3o 420 como havia estimado antes.<\/span><\/p>\n<p style=\"text-align: justify;\">fonte: AE<\/p>\n","protected":false},"excerpt":{"rendered":"<p>A press\u00e3o das ruas contra o deputado afastado Eduardo Cunha (PMDB-RJ) e sobre o presidente Michel Temer levou o Pal\u00e1cio do Planalto a descartar qualquer possibilidade de ajudar o parlamentar a manter o mandato na sess\u00e3o que decidir\u00e1 o futuro pol\u00edtico dele. A sess\u00e3o est\u00e1 marcada para as 19h desta segunda-feira (12) Para o governo, [&hellip;]<\/p>\n","protected":false},"author":2,"featured_media":113891,"comment_status":"open","ping_status":"open","sticky":false,"template":"","format":"standard","meta":{"_monsterinsights_skip_tracking":false,"_monsterinsights_sitenote_active":false,"_monsterinsights_sitenote_note":"","_monsterinsights_sitenote_category":0},"categories":[6,2528,12],"tags":[],"aioseo_notices":[],"_links":{"self":[{"href":"http:\/\/mspontocom.com.br\/site\/wp-json\/wp\/v2\/posts\/113890"}],"collection":[{"href":"http:\/\/mspontocom.com.br\/site\/wp-json\/wp\/v2\/posts"}],"about":[{"href":"http:\/\/mspontocom.com.br\/site\/wp-json\/wp\/v2\/types\/post"}],"author":[{"embeddable":true,"href":"http:\/\/mspontocom.com.br\/site\/wp-json\/wp\/v2\/users\/2"}],"replies":[{"embeddable":true,"href":"http:\/\/mspontocom.com.br\/site\/wp-json\/wp\/v2\/comments?post=113890"}],"version-history":[{"count":0,"href":"http:\/\/mspontocom.com.br\/site\/wp-json\/wp\/v2\/posts\/113890\/revisions"}],"wp:featuredmedia":[{"embeddable":true,"href":"http:\/\/mspontocom.com.br\/site\/wp-json\/wp\/v2\/media\/113891"}],"wp:attachment":[{"href":"http:\/\/mspontocom.com.br\/site\/wp-json\/wp\/v2\/media?parent=113890"}],"wp:term":[{"taxonomy":"category","embeddable":true,"href":"http:\/\/mspontocom.com.br\/site\/wp-json\/wp\/v2\/categories?post=113890"},{"taxonomy":"post_tag","embeddable":true,"href":"http:\/\/mspontocom.com.br\/site\/wp-json\/wp\/v2\/tags?post=113890"}],"curies":[{"name":"wp","href":"https:\/\/api.w.org\/{rel}","templated":true}]}}