{"id":113941,"date":"2016-09-13T06:48:31","date_gmt":"2016-09-13T10:48:31","guid":{"rendered":"https:\/\/mspontocom.com.br\/site\/?p=113941"},"modified":"2016-09-13T06:48:31","modified_gmt":"2016-09-13T10:48:31","slug":"veja-como-votou-seu-candidato-na-cassacao-de-eduardo-cunha","status":"publish","type":"post","link":"http:\/\/mspontocom.com.br\/site\/veja-como-votou-seu-candidato-na-cassacao-de-eduardo-cunha\/","title":{"rendered":"Veja como votou &#8220;seu&#8221; candidato na cassa\u00e7\u00e3o de Eduardo Cunha"},"content":{"rendered":"<p style=\"text-align: justify;\"><a href=\"https:\/\/mspontocom.com.br\/site\/wp-content\/uploads\/2016\/09\/cunha1.jpg\"><img loading=\"lazy\" class=\"alignleft size-full wp-image-113939\" alt=\"cunha1\" src=\"https:\/\/mspontocom.com.br\/site\/wp-content\/uploads\/2016\/09\/cunha1.jpg\" width=\"383\" height=\"230\" srcset=\"http:\/\/mspontocom.com.br\/site\/wp-content\/uploads\/2016\/09\/cunha1.jpg 383w, http:\/\/mspontocom.com.br\/site\/wp-content\/uploads\/2016\/09\/cunha1-260x156.jpg 260w\" sizes=\"(max-width: 383px) 100vw, 383px\" \/><\/a>Depois de 11 meses das primeiras acusa\u00e7\u00f5es de delatores da\u00a0<strong>Opera\u00e7\u00e3o Lava Jato<\/strong>, o ex-presidente da C\u00e2mara<strong>\u00a0Eduardo<\/strong>\u00a0<strong>Cunha<\/strong>\u00a0(PMDB-RJ) teve seu mandato cassado em sess\u00e3o no plen\u00e1rio.<\/p>\n<p style=\"text-align: justify;\">De um total de 513 deputados, 450 votaram pela cassa\u00e7\u00e3o, dez contra e nove se abstiveram; o restante n\u00e3o compareceu.<\/p>\n<p style=\"text-align: justify;\">\u00a0Veja como cada deputado votou:\u00a0<a href=\"https:\/\/click.uol.com.br\/?rf=noticias-aovivo-ver_mais&amp;u=https:\/\/congressoemfoco.uol.com.br\/noticias\/como-cada-deputado-votou-na-cassacao-de-eduardo-cunha\/\">Leia Mais<\/a>\u00a0 (site do Congresso em Foco)<\/p>\n","protected":false},"excerpt":{"rendered":"<p>Depois de 11 meses das primeiras acusa\u00e7\u00f5es de delatores da\u00a0Opera\u00e7\u00e3o Lava Jato, o ex-presidente da C\u00e2mara\u00a0Eduardo\u00a0Cunha\u00a0(PMDB-RJ) teve seu mandato cassado em sess\u00e3o no plen\u00e1rio. De um total de 513 deputados, 450 votaram pela cassa\u00e7\u00e3o, dez contra e nove se abstiveram; o restante n\u00e3o compareceu. \u00a0Veja como cada deputado votou:\u00a0Leia Mais\u00a0 (site do Congresso em Foco)<\/p>\n","protected":false},"author":2,"featured_media":113943,"comment_status":"open","ping_status":"open","sticky":false,"template":"","format":"standard","meta":{"_monsterinsights_skip_tracking":false,"_monsterinsights_sitenote_active":false,"_monsterinsights_sitenote_note":"","_monsterinsights_sitenote_category":0},"categories":[6,12],"tags":[],"aioseo_notices":[],"_links":{"self":[{"href":"http:\/\/mspontocom.com.br\/site\/wp-json\/wp\/v2\/posts\/113941"}],"collection":[{"href":"http:\/\/mspontocom.com.br\/site\/wp-json\/wp\/v2\/posts"}],"about":[{"href":"http:\/\/mspontocom.com.br\/site\/wp-json\/wp\/v2\/types\/post"}],"author":[{"embeddable":true,"href":"http:\/\/mspontocom.com.br\/site\/wp-json\/wp\/v2\/users\/2"}],"replies":[{"embeddable":true,"href":"http:\/\/mspontocom.com.br\/site\/wp-json\/wp\/v2\/comments?post=113941"}],"version-history":[{"count":0,"href":"http:\/\/mspontocom.com.br\/site\/wp-json\/wp\/v2\/posts\/113941\/revisions"}],"wp:featuredmedia":[{"embeddable":true,"href":"http:\/\/mspontocom.com.br\/site\/wp-json\/wp\/v2\/media\/113943"}],"wp:attachment":[{"href":"http:\/\/mspontocom.com.br\/site\/wp-json\/wp\/v2\/media?parent=113941"}],"wp:term":[{"taxonomy":"category","embeddable":true,"href":"http:\/\/mspontocom.com.br\/site\/wp-json\/wp\/v2\/categories?post=113941"},{"taxonomy":"post_tag","embeddable":true,"href":"http:\/\/mspontocom.com.br\/site\/wp-json\/wp\/v2\/tags?post=113941"}],"curies":[{"name":"wp","href":"https:\/\/api.w.org\/{rel}","templated":true}]}}