{"id":113990,"date":"2016-09-14T08:25:07","date_gmt":"2016-09-14T12:25:07","guid":{"rendered":"https:\/\/mspontocom.com.br\/site\/?p=113990"},"modified":"2016-09-14T08:25:07","modified_gmt":"2016-09-14T12:25:07","slug":"grupo-ligado-ao-pt-quer-o-impeachment-do-ministro-gilmar-mendes-2","status":"publish","type":"post","link":"http:\/\/mspontocom.com.br\/site\/grupo-ligado-ao-pt-quer-o-impeachment-do-ministro-gilmar-mendes-2\/","title":{"rendered":"Grupo ligado ao PT quer o impeachment do ministro Gilmar Mendes"},"content":{"rendered":"<p style=\"text-align: justify;\"><a href=\"https:\/\/mspontocom.com.br\/site\/wp-content\/uploads\/2016\/09\/gilmarmendes11.jpg\"><img loading=\"lazy\" class=\"alignleft size-full wp-image-113991\" alt=\"gilmarmendes1\" src=\"https:\/\/mspontocom.com.br\/site\/wp-content\/uploads\/2016\/09\/gilmarmendes11.jpg\" width=\"400\" height=\"286\" srcset=\"http:\/\/mspontocom.com.br\/site\/wp-content\/uploads\/2016\/09\/gilmarmendes11.jpg 400w, http:\/\/mspontocom.com.br\/site\/wp-content\/uploads\/2016\/09\/gilmarmendes11-260x185.jpg 260w\" sizes=\"(max-width: 400px) 100vw, 400px\" \/><\/a>Um grupo de juristas ligados ao PT e \u201crepresentantes da sociedade civil\u201d,\u00a0 resolveram ir \u00e0 forra contra o\u00a0<strong>ministro Gilmar<\/strong>\u00a0<strong>Mendes<\/strong>, do Supremo Tribunal Federal.<\/p>\n<p style=\"text-align: justify;\">O\u00a0grupo pretende o\u00a0<strong>impeachment<\/strong>\u00a0do ministro, conhecido por sua atua\u00e7\u00e3o\u00a0 contra o poder petista.<\/p>\n<p style=\"text-align: justify;\">O pedido de impeachment de Gilmar Mendes \u00e9 considerado tamb\u00e9m uma &#8220;resposta&#8221; dos petistas ao pedido contra Lewandowski, , ex-presidente da Corte, cuja atua\u00e7\u00e3o no\u00a0<strong>impeachment de Dilma<\/strong>\u00a0foi considerada francamente favor\u00e1vel \u00e0 petista.<\/p>\n<p style=\"text-align: justify;\"><strong>Autores<\/strong><\/p>\n<p style=\"text-align: justify;\">Os autores da investida ideol\u00f3gica contra Gilmar Mendes s\u00e3o os advogados Celso Ant\u00f4nio Bandeira de Mello, F\u00e1bio Konder Comparato, S\u00e9rgio S\u00e9rvulo da Cunha e \u00c1lvaro Augusto Ribeiro da Costa, al\u00e9m de uma \u201cativista de direitos humanos\u201d e o ex-deputado Roberto Amaral.<\/p>\n<p style=\"text-align: justify;\"><strong>Acusa\u00e7\u00e3o<\/strong><\/p>\n<p style=\"text-align: justify;\">O grupo acusa o ministro Gilmar de adotar \u201ccomportamento partid\u00e1rio\u201d, mostrando-se \u201cleniente\u201d com rela\u00e7\u00e3o a casos de interesse do PSDB e \u201cextremamente rigoroso\u201d no julgamento de casos de interesse do<b>\u00a0<\/b><strong>PT<\/strong>\u00a0e de seus filiados, \u201cnomeadamente o ex-presidentes Luiz In\u00e1cio Lula da Silva e Dilma Rousseff, n\u00e3o escondendo sua simpatia por aqueles e sua ojeriza por estes\u201d.<\/p>\n<p style=\"text-align: justify;\">\n","protected":false},"excerpt":{"rendered":"<p>Um grupo de juristas ligados ao PT e \u201crepresentantes da sociedade civil\u201d,\u00a0 resolveram ir \u00e0 forra contra o\u00a0ministro Gilmar\u00a0Mendes, do Supremo Tribunal Federal. O\u00a0grupo pretende o\u00a0impeachment\u00a0do ministro, conhecido por sua atua\u00e7\u00e3o\u00a0 contra o poder petista. O pedido de impeachment de Gilmar Mendes \u00e9 considerado tamb\u00e9m uma &#8220;resposta&#8221; dos petistas ao pedido contra Lewandowski, , ex-presidente [&hellip;]<\/p>\n","protected":false},"author":2,"featured_media":113991,"comment_status":"open","ping_status":"open","sticky":false,"template":"","format":"standard","meta":{"_monsterinsights_skip_tracking":false,"_monsterinsights_sitenote_active":false,"_monsterinsights_sitenote_note":"","_monsterinsights_sitenote_category":0},"categories":[6,12],"tags":[],"aioseo_notices":[],"_links":{"self":[{"href":"http:\/\/mspontocom.com.br\/site\/wp-json\/wp\/v2\/posts\/113990"}],"collection":[{"href":"http:\/\/mspontocom.com.br\/site\/wp-json\/wp\/v2\/posts"}],"about":[{"href":"http:\/\/mspontocom.com.br\/site\/wp-json\/wp\/v2\/types\/post"}],"author":[{"embeddable":true,"href":"http:\/\/mspontocom.com.br\/site\/wp-json\/wp\/v2\/users\/2"}],"replies":[{"embeddable":true,"href":"http:\/\/mspontocom.com.br\/site\/wp-json\/wp\/v2\/comments?post=113990"}],"version-history":[{"count":0,"href":"http:\/\/mspontocom.com.br\/site\/wp-json\/wp\/v2\/posts\/113990\/revisions"}],"wp:featuredmedia":[{"embeddable":true,"href":"http:\/\/mspontocom.com.br\/site\/wp-json\/wp\/v2\/media\/113991"}],"wp:attachment":[{"href":"http:\/\/mspontocom.com.br\/site\/wp-json\/wp\/v2\/media?parent=113990"}],"wp:term":[{"taxonomy":"category","embeddable":true,"href":"http:\/\/mspontocom.com.br\/site\/wp-json\/wp\/v2\/categories?post=113990"},{"taxonomy":"post_tag","embeddable":true,"href":"http:\/\/mspontocom.com.br\/site\/wp-json\/wp\/v2\/tags?post=113990"}],"curies":[{"name":"wp","href":"https:\/\/api.w.org\/{rel}","templated":true}]}}