{"id":114032,"date":"2016-09-15T06:43:49","date_gmt":"2016-09-15T10:43:49","guid":{"rendered":"https:\/\/mspontocom.com.br\/site\/?p=114032"},"modified":"2016-09-15T06:43:49","modified_gmt":"2016-09-15T10:43:49","slug":"lula-o-propinocrata-vai-politizar-indiciamento-da-lava-jato","status":"publish","type":"post","link":"http:\/\/mspontocom.com.br\/site\/lula-o-propinocrata-vai-politizar-indiciamento-da-lava-jato\/","title":{"rendered":"Lula, o Propinocrata, vai politizar indiciamento da Lava Jato"},"content":{"rendered":"<p><a href=\"https:\/\/mspontocom.com.br\/site\/wp-content\/uploads\/2016\/09\/lula1.jpg\"><img loading=\"lazy\" class=\"alignleft size-full wp-image-114033\" alt=\"lula1\" src=\"https:\/\/mspontocom.com.br\/site\/wp-content\/uploads\/2016\/09\/lula1.jpg\" width=\"259\" height=\"194\" \/><\/a>O<strong> PT<\/strong> promete contra-atacar a den\u00fancia do Minist\u00e9rio P\u00fablico sobre <strong>Lula. <\/strong><\/p>\n<p>A t\u00e1tica \u00e9 politizar e \u00a0dizer que est\u00e1 em curso um <strong>\u201cgolpe continuado\u201d<\/strong> para impedi-lo de voltar \u00e0 Presid\u00eancia em 2018.<\/p>\n<p>Grupos do partido convocaram militantes para comparecer \u00e0 entrevista do ex-presidente durante a reuni\u00e3o da dire\u00e7\u00e3o petista, marcada para hoje (15).<\/p>\n<p>O PT quer que a defesa do ex-presidente entre na agenda dos<strong> movimentos sociais<\/strong>, de todas as inst\u00e2ncias partid\u00e1rias e das bancadas no Congresso.<\/p>\n<p>O contra-ataque \u00e9 necess\u00e1rio para evitar o pr\u00f3ximo passo: a eventual pris\u00e3o de Lula. \u201c<strong>Ou reagimos agora ou adeus\u201d, diz um dirigente.<\/strong><\/p>\n","protected":false},"excerpt":{"rendered":"<p>O PT promete contra-atacar a den\u00fancia do Minist\u00e9rio P\u00fablico sobre Lula. A t\u00e1tica \u00e9 politizar e \u00a0dizer que est\u00e1 em curso um \u201cgolpe continuado\u201d para impedi-lo de voltar \u00e0 Presid\u00eancia em 2018. Grupos do partido convocaram militantes para comparecer \u00e0 entrevista do ex-presidente durante a reuni\u00e3o da dire\u00e7\u00e3o petista, marcada para hoje (15). O PT [&hellip;]<\/p>\n","protected":false},"author":2,"featured_media":114033,"comment_status":"open","ping_status":"open","sticky":false,"template":"","format":"standard","meta":{"_monsterinsights_skip_tracking":false,"_monsterinsights_sitenote_active":false,"_monsterinsights_sitenote_note":"","_monsterinsights_sitenote_category":0},"categories":[6,2528,12],"tags":[27308,1350,21419,480,6587,27306,4455,283,154,27307,533,25108],"aioseo_notices":[],"_links":{"self":[{"href":"http:\/\/mspontocom.com.br\/site\/wp-json\/wp\/v2\/posts\/114032"}],"collection":[{"href":"http:\/\/mspontocom.com.br\/site\/wp-json\/wp\/v2\/posts"}],"about":[{"href":"http:\/\/mspontocom.com.br\/site\/wp-json\/wp\/v2\/types\/post"}],"author":[{"embeddable":true,"href":"http:\/\/mspontocom.com.br\/site\/wp-json\/wp\/v2\/users\/2"}],"replies":[{"embeddable":true,"href":"http:\/\/mspontocom.com.br\/site\/wp-json\/wp\/v2\/comments?post=114032"}],"version-history":[{"count":0,"href":"http:\/\/mspontocom.com.br\/site\/wp-json\/wp\/v2\/posts\/114032\/revisions"}],"wp:featuredmedia":[{"embeddable":true,"href":"http:\/\/mspontocom.com.br\/site\/wp-json\/wp\/v2\/media\/114033"}],"wp:attachment":[{"href":"http:\/\/mspontocom.com.br\/site\/wp-json\/wp\/v2\/media?parent=114032"}],"wp:term":[{"taxonomy":"category","embeddable":true,"href":"http:\/\/mspontocom.com.br\/site\/wp-json\/wp\/v2\/categories?post=114032"},{"taxonomy":"post_tag","embeddable":true,"href":"http:\/\/mspontocom.com.br\/site\/wp-json\/wp\/v2\/tags?post=114032"}],"curies":[{"name":"wp","href":"https:\/\/api.w.org\/{rel}","templated":true}]}}