{"id":114057,"date":"2016-09-16T07:20:45","date_gmt":"2016-09-16T11:20:45","guid":{"rendered":"https:\/\/mspontocom.com.br\/site\/?p=114057"},"modified":"2016-09-16T07:20:45","modified_gmt":"2016-09-16T11:20:45","slug":"moro-decide-se-aceita-denuncia-contra-lula-na-segunda-feira","status":"publish","type":"post","link":"http:\/\/mspontocom.com.br\/site\/moro-decide-se-aceita-denuncia-contra-lula-na-segunda-feira\/","title":{"rendered":"Moro decide se aceita den\u00fancia contra Lula na segunda-feira"},"content":{"rendered":"<p style=\"text-align: justify;\"><a href=\"https:\/\/mspontocom.com.br\/site\/wp-content\/uploads\/2016\/09\/moro.jpeg\"><img loading=\"lazy\" class=\"alignleft size-full wp-image-114058\" alt=\"moro\" src=\"https:\/\/mspontocom.com.br\/site\/wp-content\/uploads\/2016\/09\/moro.jpeg\" width=\"690\" height=\"518\" srcset=\"http:\/\/mspontocom.com.br\/site\/wp-content\/uploads\/2016\/09\/moro.jpeg 690w, http:\/\/mspontocom.com.br\/site\/wp-content\/uploads\/2016\/09\/moro-260x195.jpeg 260w\" sizes=\"(max-width: 690px) 100vw, 690px\" \/><\/a>A den\u00fancia apresentada pelo Minist\u00e9rio P\u00fablico Federal (MPF) contra o ex-presidente <strong>Luiz In\u00e1cio Lula da Silva<\/strong> j\u00e1 est\u00e1 com o<strong> juiz S\u00e9rgio Moro<\/strong>, \u00a0em Curitiba.<\/p>\n<p style=\"text-align: justify;\">A assessoria de imprensa da Justi\u00e7a Federal do Paran\u00e1 informou que o despacho com a decis\u00e3o dever\u00e1 ser publicado na pr\u00f3xima segunda-feira (19).<\/p>\n<p style=\"text-align: justify;\">Caso a den\u00fancia seja acolhida por Moro, Lula se tornar\u00e1 r\u00e9u no processo, bem como os outros denunciados.<\/p>\n<p style=\"text-align: justify;\"><b>Den\u00fancia<\/b><\/p>\n<p style=\"text-align: justify;\">Apesar de o MPF acusar o ex-presidente de chefiar o esquema de<strong> corrup\u00e7\u00e3o<\/strong> identificado na Lava Jato, Lula n\u00e3o est\u00e1 sendo denunciado por forma\u00e7\u00e3o de quadrilha.<\/p>\n<p style=\"text-align: justify;\">Os 13 procuradores da Rep\u00fablica que assinam o texto afirmam que a den\u00fancia \u00e9 por <strong>corrup\u00e7\u00e3o e lavagem de dinheiro<\/strong>.<\/p>\n<p style=\"text-align: justify;\"><b>Requerimentos<\/b><\/p>\n<p style=\"text-align: justify;\">Os autores da den\u00fancia pedem que o juiz S\u00e9rgio Moro ordene o ressarcimento de danos \u00e0 <strong>Petrobras<\/strong> por parte do ex-presidente, na ordem de R$ 87,6 milh\u00f5es. O texto tamb\u00e9m solicita que se implique aos denunciados a \u201cperda, em favor da Uni\u00e3o, de todos os bens, direitos e valores relacionados, direta ou indiretamente, \u00e0 pr\u00e1tica dos crimes\u201d.<\/p>\n<p style=\"text-align: justify;\">\n<p style=\"text-align: justify;\">\n","protected":false},"excerpt":{"rendered":"<p>A den\u00fancia apresentada pelo Minist\u00e9rio P\u00fablico Federal (MPF) contra o ex-presidente Luiz In\u00e1cio Lula da Silva j\u00e1 est\u00e1 com o juiz S\u00e9rgio Moro, \u00a0em Curitiba. A assessoria de imprensa da Justi\u00e7a Federal do Paran\u00e1 informou que o despacho com a decis\u00e3o dever\u00e1 ser publicado na pr\u00f3xima segunda-feira (19). Caso a den\u00fancia seja acolhida por Moro, [&hellip;]<\/p>\n","protected":false},"author":2,"featured_media":114058,"comment_status":"open","ping_status":"open","sticky":false,"template":"","format":"standard","meta":{"_monsterinsights_skip_tracking":false,"_monsterinsights_sitenote_active":false,"_monsterinsights_sitenote_note":"","_monsterinsights_sitenote_category":0},"categories":[6,2528,12],"tags":[27322,30254,327,25266,314,23123,1350,21419,480,27323,23158,6587,1243,154,2758,20193],"aioseo_notices":[],"_links":{"self":[{"href":"http:\/\/mspontocom.com.br\/site\/wp-json\/wp\/v2\/posts\/114057"}],"collection":[{"href":"http:\/\/mspontocom.com.br\/site\/wp-json\/wp\/v2\/posts"}],"about":[{"href":"http:\/\/mspontocom.com.br\/site\/wp-json\/wp\/v2\/types\/post"}],"author":[{"embeddable":true,"href":"http:\/\/mspontocom.com.br\/site\/wp-json\/wp\/v2\/users\/2"}],"replies":[{"embeddable":true,"href":"http:\/\/mspontocom.com.br\/site\/wp-json\/wp\/v2\/comments?post=114057"}],"version-history":[{"count":0,"href":"http:\/\/mspontocom.com.br\/site\/wp-json\/wp\/v2\/posts\/114057\/revisions"}],"wp:featuredmedia":[{"embeddable":true,"href":"http:\/\/mspontocom.com.br\/site\/wp-json\/wp\/v2\/media\/114058"}],"wp:attachment":[{"href":"http:\/\/mspontocom.com.br\/site\/wp-json\/wp\/v2\/media?parent=114057"}],"wp:term":[{"taxonomy":"category","embeddable":true,"href":"http:\/\/mspontocom.com.br\/site\/wp-json\/wp\/v2\/categories?post=114057"},{"taxonomy":"post_tag","embeddable":true,"href":"http:\/\/mspontocom.com.br\/site\/wp-json\/wp\/v2\/tags?post=114057"}],"curies":[{"name":"wp","href":"https:\/\/api.w.org\/{rel}","templated":true}]}}