{"id":114063,"date":"2016-09-16T09:00:07","date_gmt":"2016-09-16T13:00:07","guid":{"rendered":"https:\/\/mspontocom.com.br\/site\/?p=114063"},"modified":"2016-09-16T07:38:04","modified_gmt":"2016-09-16T11:38:04","slug":"caiado-lula-insiste-em-dividir-o-pais-entre-eles-e-nos","status":"publish","type":"post","link":"http:\/\/mspontocom.com.br\/site\/caiado-lula-insiste-em-dividir-o-pais-entre-eles-e-nos\/","title":{"rendered":"CAIADO: Lula insiste em dividir o pa\u00eds entre &#8220;ELES E N\u00d3S&#8221;"},"content":{"rendered":"<p style=\"text-align: justify;\"><a href=\"https:\/\/mspontocom.com.br\/site\/wp-content\/uploads\/2016\/09\/Ronaldo-Caiado1.jpg\"><img loading=\"lazy\" class=\"alignleft size-full wp-image-114064\" alt=\"ronaldo-caiado1\" src=\"https:\/\/mspontocom.com.br\/site\/wp-content\/uploads\/2016\/09\/Ronaldo-Caiado1.jpg\" width=\"597\" height=\"336\" srcset=\"http:\/\/mspontocom.com.br\/site\/wp-content\/uploads\/2016\/09\/Ronaldo-Caiado1.jpg 597w, http:\/\/mspontocom.com.br\/site\/wp-content\/uploads\/2016\/09\/Ronaldo-Caiado1-260x146.jpg 260w, http:\/\/mspontocom.com.br\/site\/wp-content\/uploads\/2016\/09\/Ronaldo-Caiado1-140x80.jpg 140w\" sizes=\"(max-width: 597px) 100vw, 597px\" \/><\/a>O senador <strong>Ronaldo Caiado<\/strong> (DEM-GO) criticou a insist\u00eancia do ex-presidente <strong>Lula<\/strong> na estrat\u00e9gia de tentar politizar as acusa\u00e7\u00f5es feitas pelo Minist\u00e9rio P\u00fablico Federal (MPF) no \u00e2mbito da opera\u00e7\u00e3o Lava Jato.<\/p>\n<p style=\"text-align: justify;\">Para o parlamentar, Lula n\u00e3o rebateu as den\u00fancias e n\u00e3o apresentou &#8220;qualquer defesa&#8221; sobre a den\u00fancia que o aponta como comandante m\u00e1ximo do grande esquema de corrup\u00e7\u00e3o investigado e criador da<strong> &#8220;propinocracia&#8221;<\/strong> revelada pelo coordenador da for\u00e7a-tarefa da Lava Jato, <strong>Deltan Dallagnol.<\/strong><\/p>\n<p style=\"text-align: justify;\">\u00a0Para Caiado, o petista adotou a pr\u00e1tica costumeira de forjar motiva\u00e7\u00f5es pol\u00edticas por tr\u00e1s das investiga\u00e7\u00f5es do MPF e questionar a imparcialidade de seus acusadores.<\/p>\n<p style=\"text-align: justify;\"><strong>&#8220;Em vez de se posicionar, preferiu se esconder apenas num discurso pol\u00edtico insosso para a sua plateia com a tese do &#8216;eles contra n\u00f3s&#8221;. Tese essa que o brasileiro n\u00e3o suporta mais e repudia. O brasileiro n\u00e3o vai querer usar vermelho, vai querer justi\u00e7a. E diante das acusa\u00e7\u00f5es s\u00e9rias, Lula ter\u00e1 muito o que explicar ao MPF e \u00e0 justi\u00e7a&#8221;<\/strong>, finalizou.<\/p>\n<p style=\"text-align: justify;\">\n","protected":false},"excerpt":{"rendered":"<p>O senador Ronaldo Caiado (DEM-GO) criticou a insist\u00eancia do ex-presidente Lula na estrat\u00e9gia de tentar politizar as acusa\u00e7\u00f5es feitas pelo Minist\u00e9rio P\u00fablico Federal (MPF) no \u00e2mbito da opera\u00e7\u00e3o Lava Jato. Para o parlamentar, Lula n\u00e3o rebateu as den\u00fancias e n\u00e3o apresentou &#8220;qualquer defesa&#8221; sobre a den\u00fancia que o aponta como comandante m\u00e1ximo do grande esquema [&hellip;]<\/p>\n","protected":false},"author":2,"featured_media":114064,"comment_status":"open","ping_status":"open","sticky":false,"template":"","format":"standard","meta":{"_monsterinsights_skip_tracking":false,"_monsterinsights_sitenote_active":false,"_monsterinsights_sitenote_note":"","_monsterinsights_sitenote_category":0},"categories":[12],"tags":[30254,6984,27325,27326,27324,480,6587,21822,154,15610,3698],"aioseo_notices":[],"_links":{"self":[{"href":"http:\/\/mspontocom.com.br\/site\/wp-json\/wp\/v2\/posts\/114063"}],"collection":[{"href":"http:\/\/mspontocom.com.br\/site\/wp-json\/wp\/v2\/posts"}],"about":[{"href":"http:\/\/mspontocom.com.br\/site\/wp-json\/wp\/v2\/types\/post"}],"author":[{"embeddable":true,"href":"http:\/\/mspontocom.com.br\/site\/wp-json\/wp\/v2\/users\/2"}],"replies":[{"embeddable":true,"href":"http:\/\/mspontocom.com.br\/site\/wp-json\/wp\/v2\/comments?post=114063"}],"version-history":[{"count":0,"href":"http:\/\/mspontocom.com.br\/site\/wp-json\/wp\/v2\/posts\/114063\/revisions"}],"wp:featuredmedia":[{"embeddable":true,"href":"http:\/\/mspontocom.com.br\/site\/wp-json\/wp\/v2\/media\/114064"}],"wp:attachment":[{"href":"http:\/\/mspontocom.com.br\/site\/wp-json\/wp\/v2\/media?parent=114063"}],"wp:term":[{"taxonomy":"category","embeddable":true,"href":"http:\/\/mspontocom.com.br\/site\/wp-json\/wp\/v2\/categories?post=114063"},{"taxonomy":"post_tag","embeddable":true,"href":"http:\/\/mspontocom.com.br\/site\/wp-json\/wp\/v2\/tags?post=114063"}],"curies":[{"name":"wp","href":"https:\/\/api.w.org\/{rel}","templated":true}]}}