{"id":114085,"date":"2016-09-16T13:49:07","date_gmt":"2016-09-16T17:49:07","guid":{"rendered":"https:\/\/mspontocom.com.br\/site\/?p=114085"},"modified":"2016-09-16T13:49:07","modified_gmt":"2016-09-16T17:49:07","slug":"procuradores-repudiam-acusacoes-a-forca-tarefa-da-lava-jato","status":"publish","type":"post","link":"http:\/\/mspontocom.com.br\/site\/procuradores-repudiam-acusacoes-a-forca-tarefa-da-lava-jato\/","title":{"rendered":"Procuradores repudiam acusa\u00e7\u00f5es \u00e0 For\u00e7a Tarefa da Lava Jato"},"content":{"rendered":"<p style=\"text-align: justify;\"><a href=\"https:\/\/mspontocom.com.br\/site\/wp-content\/uploads\/2016\/09\/nota-.png\"><img loading=\"lazy\" class=\"alignleft size-full wp-image-114086\" alt=\"nota\" src=\"https:\/\/mspontocom.com.br\/site\/wp-content\/uploads\/2016\/09\/nota-.png\" width=\"600\" height=\"350\" srcset=\"http:\/\/mspontocom.com.br\/site\/wp-content\/uploads\/2016\/09\/nota-.png 600w, http:\/\/mspontocom.com.br\/site\/wp-content\/uploads\/2016\/09\/nota--260x151.png 260w, http:\/\/mspontocom.com.br\/site\/wp-content\/uploads\/2016\/09\/nota--139x80.png 139w\" sizes=\"(max-width: 600px) 100vw, 600px\" \/><\/a>A <strong>Associa\u00e7\u00e3o Nacional dos Procuradores da Rep\u00fablica<\/strong> (ANPR) divulgou uma<strong> nota de rep\u00fadio<\/strong> sobre a deturpa\u00e7\u00e3o de alguns dos esclarecimentos prestados pelos procuradores da Rep\u00fablica na Opera\u00e7\u00e3o Lava Jato em entrevista coletiva concedida na quarta-feira (14).<\/p>\n<p style=\"text-align: justify;\"><strong>Frases como &#8220;n\u00e3o temos provas, mas temos convic\u00e7\u00e3o&#8221; foram disseminadas na internet, mas n\u00e3o foram ditas pelos investigadores.\u00a0<\/strong><\/p>\n<p style=\"text-align: justify;\"><strong>Nota de Rep\u00fadio<\/strong><\/p>\n<p style=\"text-align: justify;\">&#8220;Cumprindo legitimamente o dever e o direito de informar a popula\u00e7\u00e3o, a for\u00e7a tarefa Lava Jato t\u00e3o somente apresentou a acusa\u00e7\u00e3o contra o ex-presidente da Rep\u00fablica Luiz In\u00e1cio Lula da Silva, dentre outros, como o fez em j\u00e1 numerosas outras ocasi\u00f5es, sempre nos momentos nodais dos processos, nos quais imp\u00f5e-se o esclarecimento \u00e0 opini\u00e3o p\u00fablica&#8221;, disse a nota, assinada pelo procurador regional\u00a0Jos\u00e9 Robalinho Cavalcanti, presidente da ANPR.<\/p>\n<p style=\"text-align: justify;\"><strong>De acordo com Cavalcanti, nenhuma verdade pode ser constru\u00edda pela edi\u00e7\u00e3o de frases e repeti\u00e7\u00e3o de uma mentira. <\/strong><\/p>\n<p style=\"text-align: justify;\">&#8220;A convic\u00e7\u00e3o da for\u00e7a tarefa fundamenta-se em provas robustas reunidas em investiga\u00e7\u00f5es s\u00e9rias. Em mais de dois anos, atuaram na opera\u00e7\u00e3o \u2013 sob as vistas e aplausos de todo o pa\u00eds \u2013 mais de 300 agentes p\u00fablicos de diversos \u00f3rg\u00e3os, especialmente do Minist\u00e9rio P\u00fablico Federal, da Pol\u00edcia Federal e da Receita Federal, todos id\u00f4neos e sem qualquer vincula\u00e7\u00e3o partid\u00e1ria.&#8221;<\/p>\n<p style=\"text-align: justify;\"><strong>O texto ainda diz que MPF, por seus 13 procuradores da Rep\u00fablica que assinam a acusa\u00e7\u00e3o, apenas cumpriu sua obriga\u00e7\u00e3o constitucional.\u00a0<\/strong><\/p>\n<p style=\"text-align: justify;\">&#8220;A for\u00e7a tarefa apresentou as provas de autoria dos crimes que apontam, neste caso, para o pagamento de propina de mais de R$ 87 milh\u00f5es pela empreiteira OAS a diversas pessoas e partidos. A corrup\u00e7\u00e3o pol\u00edtica, com o poder econ\u00f4mico dela decorrente, deturpa a democracia pela subvers\u00e3o da necess\u00e1ria igualdade de oportunidade entre todos os atores pol\u00edticos&#8221;.<\/p>\n<p style=\"text-align: justify;\">\n","protected":false},"excerpt":{"rendered":"<p>A Associa\u00e7\u00e3o Nacional dos Procuradores da Rep\u00fablica (ANPR) divulgou uma nota de rep\u00fadio sobre a deturpa\u00e7\u00e3o de alguns dos esclarecimentos prestados pelos procuradores da Rep\u00fablica na Opera\u00e7\u00e3o Lava Jato em entrevista coletiva concedida na quarta-feira (14). Frases como &#8220;n\u00e3o temos provas, mas temos convic\u00e7\u00e3o&#8221; foram disseminadas na internet, mas n\u00e3o foram ditas pelos investigadores.\u00a0 Nota [&hellip;]<\/p>\n","protected":false},"author":2,"featured_media":114086,"comment_status":"open","ping_status":"open","sticky":false,"template":"","format":"standard","meta":{"_monsterinsights_skip_tracking":false,"_monsterinsights_sitenote_active":false,"_monsterinsights_sitenote_note":"","_monsterinsights_sitenote_category":0},"categories":[2528,12],"tags":[27334,2360,21419,6587,21764,154,27332,27028,27333],"aioseo_notices":[],"_links":{"self":[{"href":"http:\/\/mspontocom.com.br\/site\/wp-json\/wp\/v2\/posts\/114085"}],"collection":[{"href":"http:\/\/mspontocom.com.br\/site\/wp-json\/wp\/v2\/posts"}],"about":[{"href":"http:\/\/mspontocom.com.br\/site\/wp-json\/wp\/v2\/types\/post"}],"author":[{"embeddable":true,"href":"http:\/\/mspontocom.com.br\/site\/wp-json\/wp\/v2\/users\/2"}],"replies":[{"embeddable":true,"href":"http:\/\/mspontocom.com.br\/site\/wp-json\/wp\/v2\/comments?post=114085"}],"version-history":[{"count":0,"href":"http:\/\/mspontocom.com.br\/site\/wp-json\/wp\/v2\/posts\/114085\/revisions"}],"wp:featuredmedia":[{"embeddable":true,"href":"http:\/\/mspontocom.com.br\/site\/wp-json\/wp\/v2\/media\/114086"}],"wp:attachment":[{"href":"http:\/\/mspontocom.com.br\/site\/wp-json\/wp\/v2\/media?parent=114085"}],"wp:term":[{"taxonomy":"category","embeddable":true,"href":"http:\/\/mspontocom.com.br\/site\/wp-json\/wp\/v2\/categories?post=114085"},{"taxonomy":"post_tag","embeddable":true,"href":"http:\/\/mspontocom.com.br\/site\/wp-json\/wp\/v2\/tags?post=114085"}],"curies":[{"name":"wp","href":"https:\/\/api.w.org\/{rel}","templated":true}]}}