{"id":114095,"date":"2016-09-17T07:07:41","date_gmt":"2016-09-17T11:07:41","guid":{"rendered":"https:\/\/mspontocom.com.br\/site\/?p=114095"},"modified":"2016-09-17T07:07:41","modified_gmt":"2016-09-17T11:07:41","slug":"delcidio-diz-que-lula-abracou-pmdb-para-evitar-impeachment-no-mensalao","status":"publish","type":"post","link":"http:\/\/mspontocom.com.br\/site\/delcidio-diz-que-lula-abracou-pmdb-para-evitar-impeachment-no-mensalao\/","title":{"rendered":"Delc\u00eddio diz que Lula &#8220;abra\u00e7ou&#8221; PMDB para evitar impeachment no mensal\u00e3o"},"content":{"rendered":"<p style=\"text-align: justify;\"><a href=\"https:\/\/mspontocom.com.br\/site\/wp-content\/uploads\/2016\/09\/delcidio.jpg\"><img loading=\"lazy\" class=\"alignleft size-full wp-image-114096\" alt=\"delcidio\" src=\"https:\/\/mspontocom.com.br\/site\/wp-content\/uploads\/2016\/09\/delcidio.jpg\" width=\"660\" height=\"439\" srcset=\"http:\/\/mspontocom.com.br\/site\/wp-content\/uploads\/2016\/09\/delcidio.jpg 660w, http:\/\/mspontocom.com.br\/site\/wp-content\/uploads\/2016\/09\/delcidio-260x172.jpg 260w\" sizes=\"(max-width: 660px) 100vw, 660px\" \/><\/a>Em depoimento gravado na investiga\u00e7\u00e3o da \u00a0<strong>Opera\u00e7\u00e3o Lava Jato<\/strong> sobre o ex-presidente Luiz In\u00e1cio Lula da Silva, o delator e ex-senador<strong> Delc\u00eddio Amaral<\/strong> contou como se deu o in\u00edcio da parceria PT-PMDB no governo federal.<\/p>\n<p style=\"text-align: justify;\">Segundo Delc\u00eddio, durante o <strong>Mensal\u00e3o<\/strong>, Lula \u2018abra\u00e7ou\u2019 o PMDB para evitar o risco de sofrer seu pr\u00f3prio impeachment.<\/p>\n<p style=\"text-align: justify;\"><strong>Depoimento<\/strong><\/p>\n<p style=\"text-align: justify;\"><strong>\u201cQuando sobreveio o Mensal\u00e3o, ele (Lula) percebe que ele se arruma ou ele poderia ser impichado, inclusive. Uma tese que era defendida desde o in\u00edcio do governo pelo ex-ministro Jos\u00e9 Dirceu (era) que o PMDB deveria participar ativamente da base do governo. O pr\u00f3prio Jos\u00e9 Dirceu trabalhou nisso. Quando o Jos\u00e9 Dirceu foi levar essa alian\u00e7a para o Lula j\u00e1 combinado com o PMDB, o Lula n\u00e3o topou. A\u00ed veio o Mensal\u00e3o\u201d, contou Delc\u00eddio.<\/strong><\/p>\n<p style=\"text-align: justify;\"><strong>\u00a0\u201cQuando veio o Mensal\u00e3o, o Lula fez uma revis\u00e3o das posi\u00e7\u00f5es que ele vinha assumindo. Dizendo assim: ou eu abra\u00e7o o PMDB ou eu vou morrer. Quando a\u00ed o PMDB veio fortemente para o governo. Estabeleceu tent\u00e1culos em toda a estrutura de governo. N\u00e3o foi s\u00f3 na Petrobr\u00e1s, n\u00e3o. Assumiu Minist\u00e9rio de Minas e Energia, Eletrobr\u00e1s, o setor el\u00e9trico, que nos governos anteriores era feudo do PFL, passou a ser feudo do PMDB.\u201d<\/strong><\/p>\n<p style=\"text-align: justify;\">\n<p style=\"text-align: justify;\"><strong>CPI dos Correios<\/strong><\/p>\n<p style=\"text-align: justify;\"><strong>\u201cNa reta final, existia o relat\u00f3rio que estava sendo preparado propunha, entre outras coisas, o indiciamento do presidente Lula e de um dos filhos dele. Acho que \u00e9 o filho mais velho, o Lulinha por causa da quest\u00e3o da Gamecorp com a antiga Telemar se eu n\u00e3o estou enganado. Dentro de uma composi\u00e7\u00e3o que foi feita, na v\u00e9spera da vota\u00e7\u00e3o do relat\u00f3rio, esse indiciamento\u2026 Esse tira e p\u00f5e faz parte do dia a dia do Congresso. N\u00e3o \u00e9 uma coisa espec\u00edfica s\u00f3 da CPI dos Correios\u201d, declarou.<\/strong><\/p>\n<p style=\"text-align: justify;\">fonte: \u00a0(AE)<\/p>\n<p style=\"text-align: justify;\">\n","protected":false},"excerpt":{"rendered":"<p>Em depoimento gravado na investiga\u00e7\u00e3o da \u00a0Opera\u00e7\u00e3o Lava Jato sobre o ex-presidente Luiz In\u00e1cio Lula da Silva, o delator e ex-senador Delc\u00eddio Amaral contou como se deu o in\u00edcio da parceria PT-PMDB no governo federal. Segundo Delc\u00eddio, durante o Mensal\u00e3o, Lula \u2018abra\u00e7ou\u2019 o PMDB para evitar o risco de sofrer seu pr\u00f3prio impeachment. Depoimento \u201cQuando [&hellip;]<\/p>\n","protected":false},"author":2,"featured_media":114096,"comment_status":"open","ping_status":"open","sticky":false,"template":"","format":"standard","meta":{"_monsterinsights_skip_tracking":false,"_monsterinsights_sitenote_active":false,"_monsterinsights_sitenote_note":"","_monsterinsights_sitenote_category":0},"categories":[6,12],"tags":[27336,30254,213,4381,6836,23574,5441,21419,480,4343,6587,2788,154,533],"aioseo_notices":[],"_links":{"self":[{"href":"http:\/\/mspontocom.com.br\/site\/wp-json\/wp\/v2\/posts\/114095"}],"collection":[{"href":"http:\/\/mspontocom.com.br\/site\/wp-json\/wp\/v2\/posts"}],"about":[{"href":"http:\/\/mspontocom.com.br\/site\/wp-json\/wp\/v2\/types\/post"}],"author":[{"embeddable":true,"href":"http:\/\/mspontocom.com.br\/site\/wp-json\/wp\/v2\/users\/2"}],"replies":[{"embeddable":true,"href":"http:\/\/mspontocom.com.br\/site\/wp-json\/wp\/v2\/comments?post=114095"}],"version-history":[{"count":0,"href":"http:\/\/mspontocom.com.br\/site\/wp-json\/wp\/v2\/posts\/114095\/revisions"}],"wp:featuredmedia":[{"embeddable":true,"href":"http:\/\/mspontocom.com.br\/site\/wp-json\/wp\/v2\/media\/114096"}],"wp:attachment":[{"href":"http:\/\/mspontocom.com.br\/site\/wp-json\/wp\/v2\/media?parent=114095"}],"wp:term":[{"taxonomy":"category","embeddable":true,"href":"http:\/\/mspontocom.com.br\/site\/wp-json\/wp\/v2\/categories?post=114095"},{"taxonomy":"post_tag","embeddable":true,"href":"http:\/\/mspontocom.com.br\/site\/wp-json\/wp\/v2\/tags?post=114095"}],"curies":[{"name":"wp","href":"https:\/\/api.w.org\/{rel}","templated":true}]}}