{"id":114186,"date":"2016-09-20T07:28:15","date_gmt":"2016-09-20T11:28:15","guid":{"rendered":"https:\/\/mspontocom.com.br\/site\/?p=114186"},"modified":"2016-09-20T07:28:15","modified_gmt":"2016-09-20T11:28:15","slug":"politicos-tentam-anistia-para-caixa-2-de-investigados-na-lava-jato","status":"publish","type":"post","link":"http:\/\/mspontocom.com.br\/site\/politicos-tentam-anistia-para-caixa-2-de-investigados-na-lava-jato\/","title":{"rendered":"Pol\u00edticos tentam anistia para Caixa 2 de investigados na Lava Jato"},"content":{"rendered":"<p style=\"text-align: justify;\"><a href=\"https:\/\/mspontocom.com.br\/site\/wp-content\/uploads\/2016\/09\/renan.jpeg\"><img loading=\"lazy\" class=\"alignleft size-full wp-image-114187\" alt=\"renan\" src=\"https:\/\/mspontocom.com.br\/site\/wp-content\/uploads\/2016\/09\/renan.jpeg\" width=\"620\" height=\"409\" srcset=\"http:\/\/mspontocom.com.br\/site\/wp-content\/uploads\/2016\/09\/renan.jpeg 620w, http:\/\/mspontocom.com.br\/site\/wp-content\/uploads\/2016\/09\/renan-260x171.jpeg 260w\" sizes=\"(max-width: 620px) 100vw, 620px\" \/><\/a>Em uma medida destinada a beneficiar investigados na <strong>Opera\u00e7\u00e3o Lava Jato<\/strong>, parlamentares na C\u00e2mara tentaram nesta segunda-feira, 19,\u00a0acelerar a discuss\u00e3o de uma proposta para <strong>anistiar caixa 2<\/strong> em campanha.<\/p>\n<p style=\"text-align: justify;\">De \u00faltima hora, deputados inclu\u00edram na pauta e ensaiaram a discuss\u00e3o da mat\u00e9ria, mas por press\u00e3o dos insatisfeitos, a vota\u00e7\u00e3o foi cancelada.<\/p>\n<p style=\"text-align: justify;\">\u00a0O presidente da C\u00e2mara, <strong>Rodrigo Maia<\/strong> (DEM-RJ), interinamente na Presid\u00eancia da Rep\u00fablica, deu aval para a tramita\u00e7\u00e3o da proposta.<\/p>\n<p style=\"text-align: justify;\">A manobra na C\u00e2mara teve tamb\u00e9m o aval do presidente do Congresso, senador <strong>Renan Calheiros<\/strong> (PMDB-AL), que adiou sess\u00e3o conjunta para acelerar a vota\u00e7\u00e3o do tema.<\/p>\n<p style=\"text-align: justify;\">A ideia era utilizar um texto que tramita desde 2007 na C\u00e2mara e trata de regras eleitorais para incluir uma emenda eximindo de pena os que praticarem a contabilidade paralela at\u00e9 a data da aprova\u00e7\u00e3o da nova lei.<\/p>\n<p style=\"text-align: justify;\">Um dos principais defensores da criminaliza\u00e7\u00e3o do caixa 2, o deputado<strong> Carlos Sampaio<\/strong> (PSDB-SP) nega que a inten\u00e7\u00e3o seja a anistia. Ele defende que a proposta seja apreciada antes das elei\u00e7\u00f5es municipais, que acontecem em outubro, para evitar irregularidades no pleito.<\/p>\n<p style=\"text-align: justify;\"><b>Recuo<\/b><\/p>\n<p style=\"text-align: justify;\">Ap\u00f3s o requerimento de urg\u00eancia entrar na pauta de vota\u00e7\u00f5es, deputados contr\u00e1rios \u00e0 medida protestaram. \u201cN\u00f3s estamos aqui para permitir que o Pa\u00eds ande, n\u00e3o estamos para avan\u00e7ar num po\u00e7o de suspeitas\u201d, disse <strong>Miro Teixeira<\/strong> (Rede-RJ).<\/p>\n<p style=\"text-align: justify;\">A press\u00e3o surtiu efeito e o primeiro-secret\u00e1rio da C\u00e2mara, que comandava a sess\u00e3o, retirou a proposta da pauta. \u201cEu n\u00e3o sou o autor desse projeto, retiro de of\u00edcio porque n\u00e3o h\u00e1 entendimento sobre o projeto\u201d, disse.<\/p>\n<p style=\"text-align: justify;\">O deputado <strong>Ivan Valente<\/strong> (PSOL-SP) foi um dos que pressionaram para a retirada do projeto da pauta.<\/p>\n<p style=\"text-align: justify;\">Segundo ele, deputados e senadores foram convocados ontem para uma sess\u00e3o do Congresso na qual seria conclu\u00edda a vota\u00e7\u00e3o sobre a Lei de Diretrizes Or\u00e7ament\u00e1rias, n\u00e3o para uma discuss\u00e3o sobre anistia de caixa 2. \u201c<strong>N\u00e3o estamos aqui para livrar a cara de pol\u00edticos e empres\u00e1rios que fazem maracutaia.\u201d <\/strong><\/p>\n<p style=\"text-align: justify;\">\n<p style=\"text-align: justify;\"><strong>fonte: (AE)<\/strong><\/p>\n<p style=\"text-align: justify;\">\n","protected":false},"excerpt":{"rendered":"<p>Em uma medida destinada a beneficiar investigados na Opera\u00e7\u00e3o Lava Jato, parlamentares na C\u00e2mara tentaram nesta segunda-feira, 19,\u00a0acelerar a discuss\u00e3o de uma proposta para anistiar caixa 2 em campanha. De \u00faltima hora, deputados inclu\u00edram na pauta e ensaiaram a discuss\u00e3o da mat\u00e9ria, mas por press\u00e3o dos insatisfeitos, a vota\u00e7\u00e3o foi cancelada. \u00a0O presidente da C\u00e2mara, [&hellip;]<\/p>\n","protected":false},"author":2,"featured_media":114187,"comment_status":"open","ping_status":"open","sticky":false,"template":"","format":"standard","meta":{"_monsterinsights_skip_tracking":false,"_monsterinsights_sitenote_active":false,"_monsterinsights_sitenote_note":"","_monsterinsights_sitenote_category":0},"categories":[6,12],"tags":[979,30254,24361,27369,27368,21419,6587,154,22290,583,9868,26768,25318],"aioseo_notices":[],"_links":{"self":[{"href":"http:\/\/mspontocom.com.br\/site\/wp-json\/wp\/v2\/posts\/114186"}],"collection":[{"href":"http:\/\/mspontocom.com.br\/site\/wp-json\/wp\/v2\/posts"}],"about":[{"href":"http:\/\/mspontocom.com.br\/site\/wp-json\/wp\/v2\/types\/post"}],"author":[{"embeddable":true,"href":"http:\/\/mspontocom.com.br\/site\/wp-json\/wp\/v2\/users\/2"}],"replies":[{"embeddable":true,"href":"http:\/\/mspontocom.com.br\/site\/wp-json\/wp\/v2\/comments?post=114186"}],"version-history":[{"count":0,"href":"http:\/\/mspontocom.com.br\/site\/wp-json\/wp\/v2\/posts\/114186\/revisions"}],"wp:featuredmedia":[{"embeddable":true,"href":"http:\/\/mspontocom.com.br\/site\/wp-json\/wp\/v2\/media\/114187"}],"wp:attachment":[{"href":"http:\/\/mspontocom.com.br\/site\/wp-json\/wp\/v2\/media?parent=114186"}],"wp:term":[{"taxonomy":"category","embeddable":true,"href":"http:\/\/mspontocom.com.br\/site\/wp-json\/wp\/v2\/categories?post=114186"},{"taxonomy":"post_tag","embeddable":true,"href":"http:\/\/mspontocom.com.br\/site\/wp-json\/wp\/v2\/tags?post=114186"}],"curies":[{"name":"wp","href":"https:\/\/api.w.org\/{rel}","templated":true}]}}