{"id":114190,"date":"2016-09-20T08:46:29","date_gmt":"2016-09-20T12:46:29","guid":{"rendered":"https:\/\/mspontocom.com.br\/site\/?p=114190"},"modified":"2016-09-20T08:46:29","modified_gmt":"2016-09-20T12:46:29","slug":"crise-no-stf-gilmar-chama-de-bizarro-fatiamento-de-lewandowski","status":"publish","type":"post","link":"http:\/\/mspontocom.com.br\/site\/crise-no-stf-gilmar-chama-de-bizarro-fatiamento-de-lewandowski\/","title":{"rendered":"Crise no STF: Gilmar chama de bizarro fatiamento de Lewandowski"},"content":{"rendered":"<p style=\"text-align: justify;\"><a href=\"https:\/\/mspontocom.com.br\/site\/wp-content\/uploads\/2016\/09\/gilmar.jpg\"><img loading=\"lazy\" class=\"alignleft size-full wp-image-114191\" alt=\"gilmar\" src=\"https:\/\/mspontocom.com.br\/site\/wp-content\/uploads\/2016\/09\/gilmar.jpg\" width=\"480\" height=\"360\" srcset=\"http:\/\/mspontocom.com.br\/site\/wp-content\/uploads\/2016\/09\/gilmar.jpg 480w, http:\/\/mspontocom.com.br\/site\/wp-content\/uploads\/2016\/09\/gilmar-260x195.jpg 260w\" sizes=\"(max-width: 480px) 100vw, 480px\" \/><\/a>A cr\u00edtica do<strong> ministro Gilmar Mendes<\/strong> ao comportamento de Ricardo Lewandowski no conchavo do <strong>\u201cfatiamento do<\/strong> <strong>impeachment\u201d<\/strong>, abriu uma <strong>crise<\/strong> no Supremo Tribunal Federal (STF).<\/p>\n<p style=\"text-align: justify;\">O desabafo de Gilmar, que preside o Tribunal Superior Eleitoral (TSE), classificando o fatiamento de<strong> &#8220;bizarro<\/strong>&#8221; e at\u00e9 &#8220;vergonhoso&#8221;, pode levar o STF a rever o acordo t\u00e1cito de n\u00e3o deliberar sobre o assunto para n\u00e3o desautorizar <strong>Lewandowski,<\/strong> ainda que os ministros critiquem a medida.<\/p>\n<p style=\"text-align: justify;\">\u00a0A informa\u00e7\u00e3o \u00e9 do colunista Cl\u00e1udio Humberto, do\u00a0<b>Di\u00e1rio do Poder<\/b>.<\/p>\n<p style=\"text-align: justify;\">Lewandowski se queixou a colegas das declara\u00e7\u00f5es de Gilmar, para quem <strong>\u201ccada um faz de sua biografia o que quiser\u201d.<\/strong><\/p>\n<p style=\"text-align: justify;\">Gilmar j\u00e1 havia chamado de \u201cbizarro\u201d o fatiamento: a Constitui\u00e7\u00e3o vincula o impeachment \u00e0 perda de direitos pol\u00edticos por 8 anos.<\/p>\n<p style=\"text-align: justify;\">\n<p style=\"text-align: justify;\">\n","protected":false},"excerpt":{"rendered":"<p>A cr\u00edtica do ministro Gilmar Mendes ao comportamento de Ricardo Lewandowski no conchavo do \u201cfatiamento do impeachment\u201d, abriu uma crise no Supremo Tribunal Federal (STF). O desabafo de Gilmar, que preside o Tribunal Superior Eleitoral (TSE), classificando o fatiamento de &#8220;bizarro&#8221; e at\u00e9 &#8220;vergonhoso&#8221;, pode levar o STF a rever o acordo t\u00e1cito de n\u00e3o [&hellip;]<\/p>\n","protected":false},"author":2,"featured_media":114191,"comment_status":"open","ping_status":"open","sticky":false,"template":"","format":"standard","meta":{"_monsterinsights_skip_tracking":false,"_monsterinsights_sitenote_active":false,"_monsterinsights_sitenote_note":"","_monsterinsights_sitenote_category":0},"categories":[2528,12],"tags":[27370,30254,24169,539,195,27239,5037,5441,1350,6587,154,27269,3014],"aioseo_notices":[],"_links":{"self":[{"href":"http:\/\/mspontocom.com.br\/site\/wp-json\/wp\/v2\/posts\/114190"}],"collection":[{"href":"http:\/\/mspontocom.com.br\/site\/wp-json\/wp\/v2\/posts"}],"about":[{"href":"http:\/\/mspontocom.com.br\/site\/wp-json\/wp\/v2\/types\/post"}],"author":[{"embeddable":true,"href":"http:\/\/mspontocom.com.br\/site\/wp-json\/wp\/v2\/users\/2"}],"replies":[{"embeddable":true,"href":"http:\/\/mspontocom.com.br\/site\/wp-json\/wp\/v2\/comments?post=114190"}],"version-history":[{"count":0,"href":"http:\/\/mspontocom.com.br\/site\/wp-json\/wp\/v2\/posts\/114190\/revisions"}],"wp:featuredmedia":[{"embeddable":true,"href":"http:\/\/mspontocom.com.br\/site\/wp-json\/wp\/v2\/media\/114191"}],"wp:attachment":[{"href":"http:\/\/mspontocom.com.br\/site\/wp-json\/wp\/v2\/media?parent=114190"}],"wp:term":[{"taxonomy":"category","embeddable":true,"href":"http:\/\/mspontocom.com.br\/site\/wp-json\/wp\/v2\/categories?post=114190"},{"taxonomy":"post_tag","embeddable":true,"href":"http:\/\/mspontocom.com.br\/site\/wp-json\/wp\/v2\/tags?post=114190"}],"curies":[{"name":"wp","href":"https:\/\/api.w.org\/{rel}","templated":true}]}}