{"id":114234,"date":"2016-09-21T08:17:50","date_gmt":"2016-09-21T12:17:50","guid":{"rendered":"https:\/\/mspontocom.com.br\/site\/?p=114234"},"modified":"2016-09-21T08:17:50","modified_gmt":"2016-09-21T12:17:50","slug":"perplexo-mendes-defende-regulamentacao-de-penas-para-caixa-2","status":"publish","type":"post","link":"http:\/\/mspontocom.com.br\/site\/perplexo-mendes-defende-regulamentacao-de-penas-para-caixa-2\/","title":{"rendered":"Perplexo, Mendes defende regulamenta\u00e7\u00e3o de penas para Caixa 2"},"content":{"rendered":"<p style=\"text-align: justify;\"><a href=\"https:\/\/mspontocom.com.br\/site\/wp-content\/uploads\/2016\/09\/mendes.jpg\"><img loading=\"lazy\" class=\"alignleft size-full wp-image-114235\" alt=\"mendes\" src=\"https:\/\/mspontocom.com.br\/site\/wp-content\/uploads\/2016\/09\/mendes.jpg\" width=\"610\" height=\"440\" srcset=\"http:\/\/mspontocom.com.br\/site\/wp-content\/uploads\/2016\/09\/mendes.jpg 610w, http:\/\/mspontocom.com.br\/site\/wp-content\/uploads\/2016\/09\/mendes-260x187.jpg 260w\" sizes=\"(max-width: 610px) 100vw, 610px\" \/><\/a>O presidente do Tribunal Superior Eleitoral (TSE) e ministro do STF,<strong> Gilmar Mendes<\/strong>, defende uma regulamenta\u00e7\u00e3o mais clara sobre as penas aplicadas aos casos de<strong> caixa 2. <\/strong><\/p>\n<p style=\"text-align: justify;\">Na segunda, 19, a C\u00e2mara tentou aprovar \u00e0s pressas uma proposta de anistia ao caixa 2 em campanha eleitoral.<\/p>\n<p style=\"text-align: justify;\">\n<p style=\"text-align: justify;\">A ideia dos deputados era aprovar a tipifica\u00e7\u00e3o da pr\u00e1tica como crime, mas abrir brecha para uma anistia ao que j\u00e1 foi realizado at\u00e9 hoje.<\/p>\n<p style=\"text-align: justify;\">OBS: A proposta foi barrada pelo protesto de dois deputados:\u00a0<strong>Miro Teixeira<\/strong>\u00a0(Rede-RJ) e\u00a0\u00a0<strong>Ivan Valente<\/strong>\u00a0(PSOL-SP) (<strong>anotem os nomes<\/strong>)<\/p>\n<p style=\"text-align: justify;\">Gilmar Mendes preferiu n\u00e3o comentar a proposta na C\u00e2mara, pois n\u00e3o teve acesso ao texto que est\u00e1 em debate.<\/p>\n<p style=\"text-align: justify;\">Ele destacou, no entanto, que hoje h\u00e1 duas interpreta\u00e7\u00f5es sobre a pr\u00e1tica consistir ou n\u00e3o em crime.<strong> &#8220;O que n\u00f3s temos \u00e9 uma certa perplexidade em torno do tema.<\/strong> N\u00f3s temos duas perspectivas na Justi\u00e7a Eleitoral. Uma delas diz que o fato do caixa 2 como crime \u00e9 at\u00edpico. Outra diz que o caixa 2 seria enquadrado no artigo 350 do C\u00f3digo Eleitoral. (&#8230;)<\/p>\n<p style=\"text-align: justify;\">J\u00e1 a presidente do STF, ministra <strong>C\u00e1rmen L\u00facia<\/strong>, afirmou publicamente, em entrevista \u00e0 <strong>GloboNews<\/strong> no dia de sua posse, ser contra a tentativa de pol\u00edticos tentaram uma anistia para a pr\u00e1tica.<\/p>\n<p style=\"text-align: justify;\">fonte: AE<\/p>\n","protected":false},"excerpt":{"rendered":"<p>O presidente do Tribunal Superior Eleitoral (TSE) e ministro do STF, Gilmar Mendes, defende uma regulamenta\u00e7\u00e3o mais clara sobre as penas aplicadas aos casos de caixa 2. Na segunda, 19, a C\u00e2mara tentou aprovar \u00e0s pressas uma proposta de anistia ao caixa 2 em campanha eleitoral. A ideia dos deputados era aprovar a tipifica\u00e7\u00e3o da [&hellip;]<\/p>\n","protected":false},"author":2,"featured_media":114235,"comment_status":"open","ping_status":"open","sticky":false,"template":"","format":"standard","meta":{"_monsterinsights_skip_tracking":false,"_monsterinsights_sitenote_active":false,"_monsterinsights_sitenote_note":"","_monsterinsights_sitenote_category":0},"categories":[6,2528,12],"tags":[979,30254,24361,27392,24612,5037,1350,13718,1876,7658,27391,154,5963,3014,4378],"aioseo_notices":[],"_links":{"self":[{"href":"http:\/\/mspontocom.com.br\/site\/wp-json\/wp\/v2\/posts\/114234"}],"collection":[{"href":"http:\/\/mspontocom.com.br\/site\/wp-json\/wp\/v2\/posts"}],"about":[{"href":"http:\/\/mspontocom.com.br\/site\/wp-json\/wp\/v2\/types\/post"}],"author":[{"embeddable":true,"href":"http:\/\/mspontocom.com.br\/site\/wp-json\/wp\/v2\/users\/2"}],"replies":[{"embeddable":true,"href":"http:\/\/mspontocom.com.br\/site\/wp-json\/wp\/v2\/comments?post=114234"}],"version-history":[{"count":0,"href":"http:\/\/mspontocom.com.br\/site\/wp-json\/wp\/v2\/posts\/114234\/revisions"}],"wp:featuredmedia":[{"embeddable":true,"href":"http:\/\/mspontocom.com.br\/site\/wp-json\/wp\/v2\/media\/114235"}],"wp:attachment":[{"href":"http:\/\/mspontocom.com.br\/site\/wp-json\/wp\/v2\/media?parent=114234"}],"wp:term":[{"taxonomy":"category","embeddable":true,"href":"http:\/\/mspontocom.com.br\/site\/wp-json\/wp\/v2\/categories?post=114234"},{"taxonomy":"post_tag","embeddable":true,"href":"http:\/\/mspontocom.com.br\/site\/wp-json\/wp\/v2\/tags?post=114234"}],"curies":[{"name":"wp","href":"https:\/\/api.w.org\/{rel}","templated":true}]}}