{"id":114272,"date":"2016-09-22T08:11:13","date_gmt":"2016-09-22T12:11:13","guid":{"rendered":"https:\/\/mspontocom.com.br\/site\/?p=114272"},"modified":"2016-09-22T08:11:13","modified_gmt":"2016-09-22T12:11:13","slug":"lava-jato-prende-guido-mantega-em-sao-paulo","status":"publish","type":"post","link":"http:\/\/mspontocom.com.br\/site\/lava-jato-prende-guido-mantega-em-sao-paulo\/","title":{"rendered":"Lava Jato prende Guido Mantega em S\u00e3o Paulo"},"content":{"rendered":"<p style=\"text-align: justify;\"><a href=\"https:\/\/mspontocom.com.br\/site\/wp-content\/uploads\/2016\/09\/guidi.jpg\"><img loading=\"lazy\" class=\"alignleft size-full wp-image-114273\" alt=\"guidi\" src=\"https:\/\/mspontocom.com.br\/site\/wp-content\/uploads\/2016\/09\/guidi.jpg\" width=\"246\" height=\"205\" \/><\/a>O ex-ministro da Fazenda <strong>Guido Mantega<\/strong> foi preso na manh\u00e3 desta quinta-feira (22) em S\u00e3o Paulo na 34\u00aa fase da Lava Jato.<\/p>\n<p style=\"text-align: justify;\">\u00a0O mandado \u00e9 de pris\u00e3o tempor\u00e1ria.<\/p>\n<p style=\"text-align: justify;\">Segundo o Minist\u00e9rio P\u00fablico Federal (PMF), o empres\u00e1rio Eike Batista disse em depoimento ter pago US$ 2,35 milh\u00f5es ao PT a pedido do ex-ministro. \u00c0 \u00e9poca, a quantia era equivalente a cerca de R$ 4,7 milh\u00f5es.<\/p>\n<p style=\"text-align: justify;\">Os policiais j\u00e1 haviam estado mais cedo na casa do ex-ministro. Batochio n\u00e3o soube dizer se foram apreendidos objetos.<\/p>\n<p style=\"text-align: justify;\">A atual fase da Lava Jato investiga a contrata\u00e7\u00e3o, pela Petrobras, de empresas para a constru\u00e7\u00e3o de duas plataformas de explora\u00e7\u00e3o de petr\u00f3leo na camada do pr\u00e9-sal, as chamadas Floating Storage Offloanding (FSPO\u00b4s).<\/p>\n<p style=\"text-align: justify;\"><b>\u00a0<\/b><\/p>\n","protected":false},"excerpt":{"rendered":"<p>O ex-ministro da Fazenda Guido Mantega foi preso na manh\u00e3 desta quinta-feira (22) em S\u00e3o Paulo na 34\u00aa fase da Lava Jato. \u00a0O mandado \u00e9 de pris\u00e3o tempor\u00e1ria. Segundo o Minist\u00e9rio P\u00fablico Federal (PMF), o empres\u00e1rio Eike Batista disse em depoimento ter pago US$ 2,35 milh\u00f5es ao PT a pedido do ex-ministro. \u00c0 \u00e9poca, a [&hellip;]<\/p>\n","protected":false},"author":2,"featured_media":114273,"comment_status":"open","ping_status":"open","sticky":false,"template":"","format":"standard","meta":{"_monsterinsights_skip_tracking":false,"_monsterinsights_sitenote_active":false,"_monsterinsights_sitenote_note":"","_monsterinsights_sitenote_category":0},"categories":[2528,12],"tags":[195,2826,1350,21419,480,259,6587,154,23196,201],"aioseo_notices":[],"_links":{"self":[{"href":"http:\/\/mspontocom.com.br\/site\/wp-json\/wp\/v2\/posts\/114272"}],"collection":[{"href":"http:\/\/mspontocom.com.br\/site\/wp-json\/wp\/v2\/posts"}],"about":[{"href":"http:\/\/mspontocom.com.br\/site\/wp-json\/wp\/v2\/types\/post"}],"author":[{"embeddable":true,"href":"http:\/\/mspontocom.com.br\/site\/wp-json\/wp\/v2\/users\/2"}],"replies":[{"embeddable":true,"href":"http:\/\/mspontocom.com.br\/site\/wp-json\/wp\/v2\/comments?post=114272"}],"version-history":[{"count":0,"href":"http:\/\/mspontocom.com.br\/site\/wp-json\/wp\/v2\/posts\/114272\/revisions"}],"wp:featuredmedia":[{"embeddable":true,"href":"http:\/\/mspontocom.com.br\/site\/wp-json\/wp\/v2\/media\/114273"}],"wp:attachment":[{"href":"http:\/\/mspontocom.com.br\/site\/wp-json\/wp\/v2\/media?parent=114272"}],"wp:term":[{"taxonomy":"category","embeddable":true,"href":"http:\/\/mspontocom.com.br\/site\/wp-json\/wp\/v2\/categories?post=114272"},{"taxonomy":"post_tag","embeddable":true,"href":"http:\/\/mspontocom.com.br\/site\/wp-json\/wp\/v2\/tags?post=114272"}],"curies":[{"name":"wp","href":"https:\/\/api.w.org\/{rel}","templated":true}]}}