{"id":114299,"date":"2016-09-23T06:30:34","date_gmt":"2016-09-23T10:30:34","guid":{"rendered":"https:\/\/mspontocom.com.br\/site\/?p=114299"},"modified":"2016-09-23T06:30:34","modified_gmt":"2016-09-23T10:30:34","slug":"operacao-acronimo-nas-ruas-governador-do-pt-e-o-investigado","status":"publish","type":"post","link":"http:\/\/mspontocom.com.br\/site\/operacao-acronimo-nas-ruas-governador-do-pt-e-o-investigado\/","title":{"rendered":"Opera\u00e7\u00e3o Acr\u00f4nimo nas ruas. Governador do PT \u00e9 o investigado"},"content":{"rendered":"<p style=\"text-align: justify;\"><a href=\"https:\/\/mspontocom.com.br\/site\/wp-content\/uploads\/2016\/09\/fernando-pimentel.jpg\"><img loading=\"lazy\" class=\"alignleft size-full wp-image-114300\" alt=\"fernando-pimentel\" src=\"https:\/\/mspontocom.com.br\/site\/wp-content\/uploads\/2016\/09\/fernando-pimentel.jpg\" width=\"620\" height=\"355\" srcset=\"http:\/\/mspontocom.com.br\/site\/wp-content\/uploads\/2016\/09\/fernando-pimentel.jpg 620w, http:\/\/mspontocom.com.br\/site\/wp-content\/uploads\/2016\/09\/fernando-pimentel-260x148.jpg 260w, http:\/\/mspontocom.com.br\/site\/wp-content\/uploads\/2016\/09\/fernando-pimentel-139x80.jpg 139w, http:\/\/mspontocom.com.br\/site\/wp-content\/uploads\/2016\/09\/fernando-pimentel-140x80.jpg 140w\" sizes=\"(max-width: 620px) 100vw, 620px\" \/><\/a>A <strong>Pol\u00edcia Federal<\/strong> deflagrou na primeira hora da manh\u00e3 esta sexta-feira (23) mais a<strong> 9\u00aa da Opera\u00e7\u00e3o Acr\u00f4nimo<\/strong>, que investiga irregularidades envolvendo a elei\u00e7\u00e3o do atual governador de Minas Gerais, <strong>Fernando Pimentel (PT). <\/strong><\/p>\n<p style=\"text-align: justify;\">Nesta fase, investiga-se o relacionamento de Pimentel com a empreiteira OAS.<\/p>\n<p style=\"text-align: justify;\">A opera\u00e7\u00e3o mobiliza grande n\u00famero de policiais sobretudo em Bras\u00edlia, onde s\u00e3o cumpridos ao menos dois mandados.<\/p>\n<p style=\"text-align: justify;\">Nesta 9\u00aa fase, um dos principais alvos \u00e9 o secret\u00e1rio-chefe da Casa Civil do governo mineiro, Marco Ant\u00f4nio Teixeira, al\u00e9m de pessoas ligadas \u00e0s empresas de consultoria MOP e OPR, de Minas Gerais.<\/p>\n<p style=\"text-align: justify;\">N\u00e3o h\u00e1 mandados de pris\u00e3o e sim de condu\u00e7\u00e3o coercitiva, quando o suspeito \u00e9 levado pela pol\u00edcia para depor, e de busca e apreens\u00e3o<\/p>\n","protected":false},"excerpt":{"rendered":"<p>A Pol\u00edcia Federal deflagrou na primeira hora da manh\u00e3 esta sexta-feira (23) mais a 9\u00aa da Opera\u00e7\u00e3o Acr\u00f4nimo, que investiga irregularidades envolvendo a elei\u00e7\u00e3o do atual governador de Minas Gerais, Fernando Pimentel (PT). Nesta fase, investiga-se o relacionamento de Pimentel com a empreiteira OAS. A opera\u00e7\u00e3o mobiliza grande n\u00famero de policiais sobretudo em Bras\u00edlia, onde [&hellip;]<\/p>\n","protected":false},"author":2,"featured_media":114300,"comment_status":"open","ping_status":"open","sticky":false,"template":"","format":"standard","meta":{"_monsterinsights_skip_tracking":false,"_monsterinsights_sitenote_active":false,"_monsterinsights_sitenote_note":"","_monsterinsights_sitenote_category":0},"categories":[2528,12],"tags":[27428,6587,27427,283,533],"aioseo_notices":[],"_links":{"self":[{"href":"http:\/\/mspontocom.com.br\/site\/wp-json\/wp\/v2\/posts\/114299"}],"collection":[{"href":"http:\/\/mspontocom.com.br\/site\/wp-json\/wp\/v2\/posts"}],"about":[{"href":"http:\/\/mspontocom.com.br\/site\/wp-json\/wp\/v2\/types\/post"}],"author":[{"embeddable":true,"href":"http:\/\/mspontocom.com.br\/site\/wp-json\/wp\/v2\/users\/2"}],"replies":[{"embeddable":true,"href":"http:\/\/mspontocom.com.br\/site\/wp-json\/wp\/v2\/comments?post=114299"}],"version-history":[{"count":0,"href":"http:\/\/mspontocom.com.br\/site\/wp-json\/wp\/v2\/posts\/114299\/revisions"}],"wp:featuredmedia":[{"embeddable":true,"href":"http:\/\/mspontocom.com.br\/site\/wp-json\/wp\/v2\/media\/114300"}],"wp:attachment":[{"href":"http:\/\/mspontocom.com.br\/site\/wp-json\/wp\/v2\/media?parent=114299"}],"wp:term":[{"taxonomy":"category","embeddable":true,"href":"http:\/\/mspontocom.com.br\/site\/wp-json\/wp\/v2\/categories?post=114299"},{"taxonomy":"post_tag","embeddable":true,"href":"http:\/\/mspontocom.com.br\/site\/wp-json\/wp\/v2\/tags?post=114299"}],"curies":[{"name":"wp","href":"https:\/\/api.w.org\/{rel}","templated":true}]}}