{"id":114353,"date":"2016-09-24T11:00:13","date_gmt":"2016-09-24T15:00:13","guid":{"rendered":"https:\/\/mspontocom.com.br\/site\/?p=114353"},"modified":"2016-09-24T07:50:12","modified_gmt":"2016-09-24T11:50:12","slug":"eleicoes-2016-mspontocom-entrevista-marquinhos-trad-2","status":"publish","type":"post","link":"http:\/\/mspontocom.com.br\/site\/eleicoes-2016-mspontocom-entrevista-marquinhos-trad-2\/","title":{"rendered":"Elei\u00e7\u00f5es 2016: MSpontocom entrevista Marquinhos Trad"},"content":{"rendered":"<p style=\"text-align: justify;\"><a href=\"https:\/\/mspontocom.com.br\/site\/wp-content\/uploads\/2016\/09\/marquinhos-trad1.jpg\"><img loading=\"lazy\" class=\"alignleft size-full wp-image-114354\" alt=\"marquinhos-trad\" src=\"https:\/\/mspontocom.com.br\/site\/wp-content\/uploads\/2016\/09\/marquinhos-trad1.jpg\" width=\"336\" height=\"349\" srcset=\"http:\/\/mspontocom.com.br\/site\/wp-content\/uploads\/2016\/09\/marquinhos-trad1.jpg 336w, http:\/\/mspontocom.com.br\/site\/wp-content\/uploads\/2016\/09\/marquinhos-trad1-260x270.jpg 260w\" sizes=\"(max-width: 336px) 100vw, 336px\" \/><\/a>O \u00a0MSpontocom entrevista nesta semana o candidato a prefeito de Campo Grande Marquinhos Trad, da Coliga\u00e7\u00e3o Sempre com a Gente.<\/p>\n<div style=\"text-align: justify;\">* Foi contatada a assessoria dos demais candidatos para a s\u00e9rie de entrevistas.<\/div>\n<p style=\"text-align: justify;\">\n<p style=\"text-align: justify;\"><strong>MSpontocom<\/strong>\u00a0&#8211; <strong>Segundo as \u00faltimas pesquisas o senhor lidera as inten\u00e7\u00f5es de votos para a Prefeitura\u00a0de Campo Grande mesmo tendo como principais oponentes um candidato com o\u00a0apoio do governo estadual e outro no comando da administra\u00e7\u00e3o municipal. A que o\u00a0senhor atribui este desempenho?<\/strong><\/p>\n<p style=\"text-align: justify;\"><strong>Marquinhos Trad<\/strong>\u00a0&#8211; <em>Recebemos com muito otimismo esses resultados, mas entendemos que a cada dia\u00a0cresce mais a nossa responsabilidade. Estamos fazendo uma campanha limpa, sem\u00a0ataques e baseada em propostas e as pessoas t\u00eam recebido bem isso.<\/em><\/p>\n<p style=\"text-align: justify;\"><em>Eu me preparei por 21 anos para submeter meu nome para aprecia\u00e7\u00e3o popular.<\/em><\/p>\n<p style=\"text-align: justify;\"><em>Enfrentei temas important\u00edssimos e relevantes para a sociedade, tal qual a CPI da\u00a0Enersul. Andei bastante. Nunca fui de gabinete. Conhe\u00e7o Campo Grande, a casa do\u00a0povo. Sei como eles vivem. Eu sei a realidade da dona de casa. Eu conhe\u00e7o a\u00a0dificuldade do trabalhador e sei o quanto esses \u00faltimos anos atrasaram a nossa cidade.<\/em><\/p>\n<p style=\"text-align: justify;\"><em>Tenho dito que as manifesta\u00e7\u00f5es de junho de 2013 revelaram um novo modelo na\u00a0pol\u00edtica. Ou se respeita, ou quebra.<\/em><\/p>\n<p style=\"text-align: justify;\"><em>O respeito se faz com a resolu\u00e7\u00e3o dos problemas.\u00a0A quebra, com o chamado enrola-enrola, com jogar as coisas para debaixo do tapete,\u00a0coliga\u00e7\u00f5es por conveni\u00eancia. Meu papel sempre foi a resolutividade e as pessoas\u00a0conhecem meu trabalho.<\/em><\/p>\n<p style=\"text-align: justify;\"><strong>MSpontocom<\/strong>\u00a0&#8211; <strong>A elei\u00e7\u00e3o deve ser decidida em dois turnos. Como a campanha est\u00e1 com \u00e2nimos\u00a0acirrados o senhor descarta o apoio de algum dos candidatos derrotados?<\/strong><\/p>\n<p style=\"text-align: justify;\"><strong>Marquinhos Trad<\/strong>\u00a0&#8211; <em>Temos ainda muita sola de sapato para gastar e vontade de trabalhar n\u00e3o nos falta\u00a0para, se Deus nos aben\u00e7oar, sairmos vitoriosos no primeiro turno.<\/em><\/p>\n<p style=\"text-align: justify;\"><em>Ainda \u00e9 cedo para\u00a0falar no resultado do primeiro turno e mais ainda em alian\u00e7as para um eventual\u00a0segundo turno. O que posso garantir \u00e9 que n\u00e3o faremos a pol\u00edtica do toma l\u00e1, d\u00e1 c\u00e1.<\/em><\/p>\n<p style=\"text-align: justify;\"><strong>MSpontocom<\/strong>\u00a0&#8211;<strong> Campo Grande vive caos na infraestrutura com destaque mais vis\u00edvel para a m\u00e1\u00a0conserva\u00e7\u00e3o das vias p\u00fablicas. Se eleito, o senhor assume em janeiro em plena\u00a0temporada de chuvas. O senhor tem um plano emergencial para este problema?\u00a0Usaria os contratos de servi\u00e7os de tapa-buracos da atual administra\u00e7\u00e3o?<\/strong><\/p>\n<p style=\"text-align: justify;\"><strong>Marquinhos Trad<\/strong>\u00a0&#8211; <em>Se eleito, terei uma equipe de transi\u00e7\u00e3o que vai investigar a fundo toda a situa\u00e7\u00e3o da\u00a0cidade, j\u00e1 se preparando para a administra\u00e7\u00e3o. A manuten\u00e7\u00e3o da cidade parou no\u00a0tempo, e quando isso acontece a conta fica cara.<\/em><\/p>\n<p style=\"text-align: justify;\"><em>O tapa-buraco, por exemplo, \u00e9 um\u00a0dinheiro praticamente jogado fora. Dinheiro do contribuinte, de todos n\u00f3s.<\/em><\/p>\n<p style=\"text-align: justify;\"><em>O gasto com tapa-buraco j\u00e1 \u00e9 grande e fica pior como \u00e9 feito atualmente. N\u00e3o tem\u00a0controle da qualidade do produto e pouco ou quase nenhum da quantidade, fazendo\u00a0com que muito dinheiro seja jogado fora.<\/em><\/p>\n<p style=\"text-align: justify;\"><em>Vou enfrentar o desafio de reconstruir\u00a0Campo Grande com todo nosso empenho e dedica\u00e7\u00e3o.\u00a0Vamos recorrer ao Governo Federal, apresentar bons projetos e buscar medidas que\u00a0garantam efici\u00eancia com menor custo poss\u00edvel.<\/em><\/p>\n<p style=\"text-align: justify;\"><em>A popula\u00e7\u00e3o deve e ser\u00e1 a \u00fanica\u00a0favorecida em qualquer contrato da da minha gest\u00e3o. Desta maneira, n\u00e3o importa quem\u00a0faz, mas o servi\u00e7o que \u00e9 apresentado com o dinheiro do contribuinte.<\/em><\/p>\n<p style=\"text-align: justify;\"><strong>MSpontocom<\/strong>\u00a0&#8211; <strong>Por falar em contratos, caso eleito, o senhor pretende fazer um \u201cpente-fino\u201d nos\u00a0atuais contratos da administra\u00e7\u00e3o municipal?<\/strong><\/p>\n<p style=\"text-align: justify;\"><strong>Marquinhos Trad<\/strong>\u00a0&#8211; <em>A gest\u00e3o p\u00fablica \u00e9 igual a de uma empresa privada. Tem que prestar conta. O prefeito\u00a0\u00e9 algu\u00e9m contratado para prestar um servi\u00e7o. \u00c9 preciso saber administrar, saber onde\u00a0investir. Faremos auditoria em todos os contratos, revendo, inclusive, o firmado com a\u00a0\u00c1guas. A popula\u00e7\u00e3o vai pagar apenas pelo que consumiu. \u00c9 obriga\u00e7\u00e3o do gestor estar\u00a0atento a todos os contratos, priorizando a economia e o bom investimento.<\/em><\/p>\n<p style=\"text-align: justify;\"><strong>MSpontocom<\/strong>\u00a0&#8211; <strong>Se, futuro prefeito qual seria o perfil de seu secretariado. T\u00e9cnico, para maior agilidade\u00a0da m\u00e1quina p\u00fablica ou pol\u00edtico para melhor di\u00e1logo com a C\u00e2mara Municipal?<\/strong><\/p>\n<p style=\"text-align: justify;\"><strong>\u00a0Marquinhos Trad<\/strong>\u00a0&#8211;\u00a0<em>Nossa equipe ser\u00e1 t\u00e9cnica. O bom gestor \u00e9 o que escolhe os melhores e mais\u00a0competentes t\u00e9cnicos e se mant\u00e9m vigilante na execu\u00e7\u00e3o do plano de governo.<\/em><\/p>\n<p style=\"text-align: justify;\"><em>Vamos\u00a0fazer uma gest\u00e3o eficiente, com monitoramentos constantes das a\u00e7\u00f5es coordenadas e\u00a0cobran\u00e7a rigorosa de resultados.\u00a0Comigo n\u00e3o tem essa de nomea\u00e7\u00e3o e loteamento da prefeitura para apadrinhados.<\/em><\/p>\n<p style=\"text-align: justify;\"><em>Vamos contar com os t\u00e9cnicos bons, que s\u00e3o os efetivos, e com uma equipe t\u00e9cnica\u00a0muito capacitada. Vou fazer uma gest\u00e3o decente, justa, onde funcione o portal da\u00a0transpar\u00eancia, com os gastos da prefeitura, com o que arrecadou e onde gastou.<\/em><\/p>\n<p style=\"text-align: justify;\"><strong>MSpontocom<\/strong>\u00a0&#8211; <strong>Considerando que quem det\u00e9m a m\u00e1quina publica t\u00eam maiores chances de reelei\u00e7\u00e3o,\u00a0o senhor acha, caso eleito, possa mudar o cen\u00e1rio para elei\u00e7\u00f5es estaduais de 2018?<\/strong><\/p>\n<p style=\"text-align: justify;\"><strong>Marquinhos Trad<\/strong>\u00a0&#8211; A<em>inda \u00e9 cedo para falar da elei\u00e7\u00e3o de 2018. Se eleito, vou estar focado na recupera\u00e7\u00e3o\u00a0de Campo Grande, buscando parcerias com o Governo do Estado e Governo Federal.<\/em><\/p>\n<p style=\"text-align: justify;\"><em>Se eleito, com voto de confian\u00e7a dado pela popula\u00e7\u00e3o, concentrarei meus esfor\u00e7os\u00a0nesta tarefa, de recuperar a cidade. O que posso dizer \u00e9 que as pessoas n\u00e3o se deixam\u00a0influenciar e est\u00e3o atentas ao trabalho de cada candidato.<\/em><\/p>\n","protected":false},"excerpt":{"rendered":"<p>O \u00a0MSpontocom entrevista nesta semana o candidato a prefeito de Campo Grande Marquinhos Trad, da Coliga\u00e7\u00e3o Sempre com a Gente. * Foi contatada a assessoria dos demais candidatos para a s\u00e9rie de entrevistas. MSpontocom\u00a0&#8211; Segundo as \u00faltimas pesquisas o senhor lidera as inten\u00e7\u00f5es de votos para a Prefeitura\u00a0de Campo Grande mesmo tendo como principais oponentes [&hellip;]<\/p>\n","protected":false},"author":2,"featured_media":114354,"comment_status":"open","ping_status":"open","sticky":false,"template":"","format":"standard","meta":{"_monsterinsights_skip_tracking":false,"_monsterinsights_sitenote_active":false,"_monsterinsights_sitenote_note":"","_monsterinsights_sitenote_category":0},"categories":[4328,12],"tags":[6547,26277,21179,1531,3170,6587,154,19494],"aioseo_notices":[],"_links":{"self":[{"href":"http:\/\/mspontocom.com.br\/site\/wp-json\/wp\/v2\/posts\/114353"}],"collection":[{"href":"http:\/\/mspontocom.com.br\/site\/wp-json\/wp\/v2\/posts"}],"about":[{"href":"http:\/\/mspontocom.com.br\/site\/wp-json\/wp\/v2\/types\/post"}],"author":[{"embeddable":true,"href":"http:\/\/mspontocom.com.br\/site\/wp-json\/wp\/v2\/users\/2"}],"replies":[{"embeddable":true,"href":"http:\/\/mspontocom.com.br\/site\/wp-json\/wp\/v2\/comments?post=114353"}],"version-history":[{"count":0,"href":"http:\/\/mspontocom.com.br\/site\/wp-json\/wp\/v2\/posts\/114353\/revisions"}],"wp:featuredmedia":[{"embeddable":true,"href":"http:\/\/mspontocom.com.br\/site\/wp-json\/wp\/v2\/media\/114354"}],"wp:attachment":[{"href":"http:\/\/mspontocom.com.br\/site\/wp-json\/wp\/v2\/media?parent=114353"}],"wp:term":[{"taxonomy":"category","embeddable":true,"href":"http:\/\/mspontocom.com.br\/site\/wp-json\/wp\/v2\/categories?post=114353"},{"taxonomy":"post_tag","embeddable":true,"href":"http:\/\/mspontocom.com.br\/site\/wp-json\/wp\/v2\/tags?post=114353"}],"curies":[{"name":"wp","href":"https:\/\/api.w.org\/{rel}","templated":true}]}}