{"id":114360,"date":"2016-09-25T07:30:27","date_gmt":"2016-09-25T11:30:27","guid":{"rendered":"https:\/\/mspontocom.com.br\/site\/?p=114360"},"modified":"2016-09-25T06:46:05","modified_gmt":"2016-09-25T10:46:05","slug":"cut-banca-movimento-internacional-pro-lula-lancado-em-nova-york","status":"publish","type":"post","link":"http:\/\/mspontocom.com.br\/site\/cut-banca-movimento-internacional-pro-lula-lancado-em-nova-york\/","title":{"rendered":"CUT banca movimento &#8220;internacional&#8221; Pr\u00f3-Lula lan\u00e7ado em Nova York"},"content":{"rendered":"<div id=\"attachment_114361\" style=\"width: 793px\" class=\"wp-caption alignleft\"><a href=\"https:\/\/mspontocom.com.br\/site\/wp-content\/uploads\/2016\/09\/lula1.png\"><img aria-describedby=\"caption-attachment-114361\" loading=\"lazy\" class=\"size-full wp-image-114361\" alt=\"lula1\" src=\"https:\/\/mspontocom.com.br\/site\/wp-content\/uploads\/2016\/09\/lula1.png\" width=\"783\" height=\"793\" srcset=\"http:\/\/mspontocom.com.br\/site\/wp-content\/uploads\/2016\/09\/lula1.png 783w, http:\/\/mspontocom.com.br\/site\/wp-content\/uploads\/2016\/09\/lula1-260x263.png 260w, http:\/\/mspontocom.com.br\/site\/wp-content\/uploads\/2016\/09\/lula1-80x80.png 80w, http:\/\/mspontocom.com.br\/site\/wp-content\/uploads\/2016\/09\/lula1-100x100.png 100w\" sizes=\"(max-width: 783px) 100vw, 783px\" \/><\/a><p id=\"caption-attachment-114361\" class=\"wp-caption-text\">foto: afinsophia.com<\/p><\/div>\n<p style=\"text-align: justify;\">Petistas s\u00e3o acusados de fraudar at\u00e9 a campanha <strong>\u201cStand With Lula\u201d<\/strong>, em Nova York, supostamente promovida por \u201centidades internacionais\u201d em defesa do ex-presidente que \u00e9 r\u00e9u por corrup\u00e7\u00e3o.<\/p>\n<p style=\"text-align: justify;\">O suposto <strong>\u201cmovimento internacional\u201d<\/strong>, lan\u00e7ado simultaneamente \u00e0 abertura da assembleia geral da ONU, \u00e9 brasileiro, chefiado por \u00a0Jo\u00e3o Fel\u00edcio, sindicalista fundador do<strong> PT<\/strong> e ex-presidente da<strong> CUT<\/strong>.<\/p>\n<p style=\"text-align: justify;\">A informa\u00e7\u00e3o \u00e9 do colunista Cl\u00e1udio Humberto, do\u00a0<b>Di\u00e1rio do Poder<\/b>.<\/p>\n<p style=\"text-align: justify;\">No Brasil, o evento foi divulgado como iniciativa de l\u00edderes estrangeiros solid\u00e1rios a Lula.<\/p>\n<p style=\"text-align: justify;\">A iniciativa, ordenada pelo PT, tenta minimizar os danos \u00e0 imagem de<strong> Lula<\/strong> no exterior, hoje vinculada a not\u00edcias de roubo do dinheiro p\u00fablico.<\/p>\n<p style=\"text-align: justify;\">\n<p style=\"text-align: justify;\">\n","protected":false},"excerpt":{"rendered":"<p>Petistas s\u00e3o acusados de fraudar at\u00e9 a campanha \u201cStand With Lula\u201d, em Nova York, supostamente promovida por \u201centidades internacionais\u201d em defesa do ex-presidente que \u00e9 r\u00e9u por corrup\u00e7\u00e3o. O suposto \u201cmovimento internacional\u201d, lan\u00e7ado simultaneamente \u00e0 abertura da assembleia geral da ONU, \u00e9 brasileiro, chefiado por \u00a0Jo\u00e3o Fel\u00edcio, sindicalista fundador do PT e ex-presidente da CUT. [&hellip;]<\/p>\n","protected":false},"author":2,"featured_media":114361,"comment_status":"open","ping_status":"open","sticky":false,"template":"","format":"standard","meta":{"_monsterinsights_skip_tracking":false,"_monsterinsights_sitenote_active":false,"_monsterinsights_sitenote_note":"","_monsterinsights_sitenote_category":0},"categories":[6,12],"tags":[26161,30254,5133,27452,319,25644,480,21404,6587,7072,154,27451,533],"aioseo_notices":[],"_links":{"self":[{"href":"http:\/\/mspontocom.com.br\/site\/wp-json\/wp\/v2\/posts\/114360"}],"collection":[{"href":"http:\/\/mspontocom.com.br\/site\/wp-json\/wp\/v2\/posts"}],"about":[{"href":"http:\/\/mspontocom.com.br\/site\/wp-json\/wp\/v2\/types\/post"}],"author":[{"embeddable":true,"href":"http:\/\/mspontocom.com.br\/site\/wp-json\/wp\/v2\/users\/2"}],"replies":[{"embeddable":true,"href":"http:\/\/mspontocom.com.br\/site\/wp-json\/wp\/v2\/comments?post=114360"}],"version-history":[{"count":0,"href":"http:\/\/mspontocom.com.br\/site\/wp-json\/wp\/v2\/posts\/114360\/revisions"}],"wp:featuredmedia":[{"embeddable":true,"href":"http:\/\/mspontocom.com.br\/site\/wp-json\/wp\/v2\/media\/114361"}],"wp:attachment":[{"href":"http:\/\/mspontocom.com.br\/site\/wp-json\/wp\/v2\/media?parent=114360"}],"wp:term":[{"taxonomy":"category","embeddable":true,"href":"http:\/\/mspontocom.com.br\/site\/wp-json\/wp\/v2\/categories?post=114360"},{"taxonomy":"post_tag","embeddable":true,"href":"http:\/\/mspontocom.com.br\/site\/wp-json\/wp\/v2\/tags?post=114360"}],"curies":[{"name":"wp","href":"https:\/\/api.w.org\/{rel}","templated":true}]}}