{"id":114375,"date":"2016-09-26T06:06:57","date_gmt":"2016-09-26T10:06:57","guid":{"rendered":"https:\/\/mspontocom.com.br\/site\/?p=114375"},"modified":"2016-09-26T06:06:57","modified_gmt":"2016-09-26T10:06:57","slug":"ex-ministro-palocci-e-preso-em-nova-fase-da-lava-jato","status":"publish","type":"post","link":"http:\/\/mspontocom.com.br\/site\/ex-ministro-palocci-e-preso-em-nova-fase-da-lava-jato\/","title":{"rendered":"Ex-ministro Palocci \u00e9 preso em nova fase da Lava Jato"},"content":{"rendered":"<p><a href=\"https:\/\/mspontocom.com.br\/site\/wp-content\/uploads\/2016\/09\/palocci.jpg\"><img loading=\"lazy\" class=\"alignleft size-full wp-image-114376\" alt=\"palocci\" src=\"https:\/\/mspontocom.com.br\/site\/wp-content\/uploads\/2016\/09\/palocci.jpg\" width=\"460\" height=\"289\" srcset=\"http:\/\/mspontocom.com.br\/site\/wp-content\/uploads\/2016\/09\/palocci.jpg 460w, http:\/\/mspontocom.com.br\/site\/wp-content\/uploads\/2016\/09\/palocci-260x163.jpg 260w\" sizes=\"(max-width: 460px) 100vw, 460px\" \/><\/a>A <strong>Pol\u00edcia Federal<\/strong> (PF) confirmou a realiza\u00e7\u00e3o de uma nova fase da<strong> Opera\u00e7\u00e3o Lava Jato<\/strong> nesta segunda-feira (26), de acordo com o\u00a0BandNews TV.<\/p>\n<p>Segundo a emissora, o ex-ministro Antonio Palocci \u00e9 alvo e foi preso durante essa nova fase, a 35\u00aa da Opera\u00e7\u00e3o Lava Jato.<\/p>\n<p>S\u00e3o cumpridos 45 mandados judiciais nos Estados de S\u00e3o Paulo, Rio de Janeiro, Bahia, Mato Grosso, Mato Grosso do Sul, Esp\u00edrito Santo e no Distrito<\/p>\n<p>Na semana passada, durante a 34\u00aa fase da opera\u00e7\u00e3o, o ex-ministro da Fazenda Guido Mantega (PT) chegou a ser preso pela PF.<\/p>\n","protected":false},"excerpt":{"rendered":"<p>A Pol\u00edcia Federal (PF) confirmou a realiza\u00e7\u00e3o de uma nova fase da Opera\u00e7\u00e3o Lava Jato nesta segunda-feira (26), de acordo com o\u00a0BandNews TV. Segundo a emissora, o ex-ministro Antonio Palocci \u00e9 alvo e foi preso durante essa nova fase, a 35\u00aa da Opera\u00e7\u00e3o Lava Jato. S\u00e3o cumpridos 45 mandados judiciais nos Estados de S\u00e3o Paulo, [&hellip;]<\/p>\n","protected":false},"author":2,"featured_media":114376,"comment_status":"open","ping_status":"open","sticky":false,"template":"","format":"standard","meta":{"_monsterinsights_skip_tracking":false,"_monsterinsights_sitenote_active":false,"_monsterinsights_sitenote_note":"","_monsterinsights_sitenote_category":0},"categories":[6,12],"tags":[27460,23663,21419,6587,24028,4455,5556,154,533],"aioseo_notices":[],"_links":{"self":[{"href":"http:\/\/mspontocom.com.br\/site\/wp-json\/wp\/v2\/posts\/114375"}],"collection":[{"href":"http:\/\/mspontocom.com.br\/site\/wp-json\/wp\/v2\/posts"}],"about":[{"href":"http:\/\/mspontocom.com.br\/site\/wp-json\/wp\/v2\/types\/post"}],"author":[{"embeddable":true,"href":"http:\/\/mspontocom.com.br\/site\/wp-json\/wp\/v2\/users\/2"}],"replies":[{"embeddable":true,"href":"http:\/\/mspontocom.com.br\/site\/wp-json\/wp\/v2\/comments?post=114375"}],"version-history":[{"count":0,"href":"http:\/\/mspontocom.com.br\/site\/wp-json\/wp\/v2\/posts\/114375\/revisions"}],"wp:featuredmedia":[{"embeddable":true,"href":"http:\/\/mspontocom.com.br\/site\/wp-json\/wp\/v2\/media\/114376"}],"wp:attachment":[{"href":"http:\/\/mspontocom.com.br\/site\/wp-json\/wp\/v2\/media?parent=114375"}],"wp:term":[{"taxonomy":"category","embeddable":true,"href":"http:\/\/mspontocom.com.br\/site\/wp-json\/wp\/v2\/categories?post=114375"},{"taxonomy":"post_tag","embeddable":true,"href":"http:\/\/mspontocom.com.br\/site\/wp-json\/wp\/v2\/tags?post=114375"}],"curies":[{"name":"wp","href":"https:\/\/api.w.org\/{rel}","templated":true}]}}