{"id":114435,"date":"2016-09-27T07:26:59","date_gmt":"2016-09-27T11:26:59","guid":{"rendered":"https:\/\/mspontocom.com.br\/site\/?p=114435"},"modified":"2016-09-27T07:26:59","modified_gmt":"2016-09-27T11:26:59","slug":"mbl-lanca-candidatos-em-44-cidades-de-12-estados-brasileiros","status":"publish","type":"post","link":"http:\/\/mspontocom.com.br\/site\/mbl-lanca-candidatos-em-44-cidades-de-12-estados-brasileiros\/","title":{"rendered":"MBL lan\u00e7a candidatos em 44 cidades de 12 Estados brasileiros"},"content":{"rendered":"<p style=\"text-align: justify;\"><a href=\"https:\/\/mspontocom.com.br\/site\/wp-content\/uploads\/2016\/09\/elei\u00e7\u00e3o.png\"><img loading=\"lazy\" class=\"alignleft size-full wp-image-114431\" alt=\"eleicao\" src=\"https:\/\/mspontocom.com.br\/site\/wp-content\/uploads\/2016\/09\/elei\u00e7\u00e3o.png\" width=\"600\" height=\"553\" srcset=\"http:\/\/mspontocom.com.br\/site\/wp-content\/uploads\/2016\/09\/elei\u00e7\u00e3o.png 600w, http:\/\/mspontocom.com.br\/site\/wp-content\/uploads\/2016\/09\/elei\u00e7\u00e3o-260x239.png 260w\" sizes=\"(max-width: 600px) 100vw, 600px\" \/><\/a>O Movimento Brasil Livre est\u00e1 lan\u00e7ando candidatos que est\u00e3o \u00a0alinhados com as propostas que o Movimento prop\u00f4s durante as manifesta\u00e7\u00f5es que levaram milh\u00f5es de pessoas \u00e1s ruas.<\/p>\n<p style=\"text-align: justify;\">No total, s\u00e3o 45 candidatos a vereador. Todos eles possuem total conhecimento da realidade pol\u00edtica local, e pretendem revolucionar a pol\u00edtica brasileira com a quebra de um modelo falho de administra\u00e7\u00e3o p\u00fablica.<\/p>\n<p style=\"text-align: justify;\">O MBL fez um v\u00eddeo de apresenta\u00e7\u00e3o do projeto que pode ser\u00a0<a href=\"https:\/\/www.youtube.com\/watch?v=0OEw_5Y_h3Y\">assistido aqui<\/a><\/p>\n<p><strong>Confira os candidatos<\/strong><\/p>\n<p>&nbsp;<\/p>\n<p><a href=\"https:\/\/mspontocom.com.br\/site\/wp-content\/uploads\/2016\/09\/candidatos1.jpg\"><img loading=\"lazy\" class=\"alignleft size-full wp-image-114436\" alt=\"candidatos1\" src=\"https:\/\/mspontocom.com.br\/site\/wp-content\/uploads\/2016\/09\/candidatos1.jpg\" width=\"480\" height=\"429\" srcset=\"http:\/\/mspontocom.com.br\/site\/wp-content\/uploads\/2016\/09\/candidatos1.jpg 480w, http:\/\/mspontocom.com.br\/site\/wp-content\/uploads\/2016\/09\/candidatos1-260x232.jpg 260w\" sizes=\"(max-width: 480px) 100vw, 480px\" \/><\/a><\/p>\n","protected":false},"excerpt":{"rendered":"<p>O Movimento Brasil Livre est\u00e1 lan\u00e7ando candidatos que est\u00e3o \u00a0alinhados com as propostas que o Movimento prop\u00f4s durante as manifesta\u00e7\u00f5es que levaram milh\u00f5es de pessoas \u00e1s ruas. No total, s\u00e3o 45 candidatos a vereador. Todos eles possuem total conhecimento da realidade pol\u00edtica local, e pretendem revolucionar a pol\u00edtica brasileira com a quebra de um modelo [&hellip;]<\/p>\n","protected":false},"author":2,"featured_media":114436,"comment_status":"open","ping_status":"open","sticky":false,"template":"","format":"standard","meta":{"_monsterinsights_skip_tracking":false,"_monsterinsights_sitenote_active":false,"_monsterinsights_sitenote_note":"","_monsterinsights_sitenote_category":0},"categories":[6,12],"tags":[27483,27482,30254,719,23172,25540,6587,154,5444],"aioseo_notices":[],"_links":{"self":[{"href":"http:\/\/mspontocom.com.br\/site\/wp-json\/wp\/v2\/posts\/114435"}],"collection":[{"href":"http:\/\/mspontocom.com.br\/site\/wp-json\/wp\/v2\/posts"}],"about":[{"href":"http:\/\/mspontocom.com.br\/site\/wp-json\/wp\/v2\/types\/post"}],"author":[{"embeddable":true,"href":"http:\/\/mspontocom.com.br\/site\/wp-json\/wp\/v2\/users\/2"}],"replies":[{"embeddable":true,"href":"http:\/\/mspontocom.com.br\/site\/wp-json\/wp\/v2\/comments?post=114435"}],"version-history":[{"count":0,"href":"http:\/\/mspontocom.com.br\/site\/wp-json\/wp\/v2\/posts\/114435\/revisions"}],"wp:featuredmedia":[{"embeddable":true,"href":"http:\/\/mspontocom.com.br\/site\/wp-json\/wp\/v2\/media\/114436"}],"wp:attachment":[{"href":"http:\/\/mspontocom.com.br\/site\/wp-json\/wp\/v2\/media?parent=114435"}],"wp:term":[{"taxonomy":"category","embeddable":true,"href":"http:\/\/mspontocom.com.br\/site\/wp-json\/wp\/v2\/categories?post=114435"},{"taxonomy":"post_tag","embeddable":true,"href":"http:\/\/mspontocom.com.br\/site\/wp-json\/wp\/v2\/tags?post=114435"}],"curies":[{"name":"wp","href":"https:\/\/api.w.org\/{rel}","templated":true}]}}