{"id":114456,"date":"2016-09-27T10:40:14","date_gmt":"2016-09-27T14:40:14","guid":{"rendered":"https:\/\/mspontocom.com.br\/site\/?p=114456"},"modified":"2016-09-27T10:40:14","modified_gmt":"2016-09-27T14:40:14","slug":"stf-decide-hoje-se-torna-reus-gleisi-hoffmann-e-paulo-bernardo","status":"publish","type":"post","link":"http:\/\/mspontocom.com.br\/site\/stf-decide-hoje-se-torna-reus-gleisi-hoffmann-e-paulo-bernardo\/","title":{"rendered":"STF decide hoje se torna r\u00e9us Gleisi Hoffmann e Paulo Bernardo"},"content":{"rendered":"<p style=\"text-align: justify;\"><a href=\"https:\/\/mspontocom.com.br\/site\/wp-content\/uploads\/2016\/09\/gleisi_hoffmann_11.jpg\"><img loading=\"lazy\" class=\"alignleft size-full wp-image-114457\" alt=\"gleisi_hoffmann_11\" src=\"https:\/\/mspontocom.com.br\/site\/wp-content\/uploads\/2016\/09\/gleisi_hoffmann_11.jpg\" width=\"300\" height=\"224\" srcset=\"http:\/\/mspontocom.com.br\/site\/wp-content\/uploads\/2016\/09\/gleisi_hoffmann_11.jpg 300w, http:\/\/mspontocom.com.br\/site\/wp-content\/uploads\/2016\/09\/gleisi_hoffmann_11-260x194.jpg 260w\" sizes=\"(max-width: 300px) 100vw, 300px\" \/><\/a>O Supremo Tribunal Federal<strong> (STF<\/strong>) deve julgar nesta ter\u00e7a-feira (27), a partir das 14h, a den\u00fancia apresentada pela Procuradoria-Geral da Rep\u00fablica (PGR) contra a senadora <strong>Gleisi Hoffmann<\/strong> (PT-PR) e seu marido, o ex-ministro do Planejamento <strong>Paulo Bernardo<\/strong>, preso na Opera\u00e7\u00e3o Custo Brasil.<\/p>\n<p style=\"text-align: justify;\">Em maio, Gleisi e Paulo Bernardo foram denunciados ao Supremo sob a acusa\u00e7\u00e3o de ter recebido R$ 1 milh\u00e3o para a campanha da senadora em 2010.<\/p>\n<p style=\"text-align: justify;\">De acordo com depoimentos de delatores na Opera\u00e7\u00e3o Lava Jato, o valor \u00e9 oriundo de recursos desviados de contratos da Petrobras. Ambos foram citados nas dela\u00e7\u00f5es do doleiro <strong>Alberto Youssef<\/strong>.<\/p>\n<p style=\"text-align: justify;\">O relator da den\u00fancia \u00e9 o ministro Teori Zavascki. O colegiado tamb\u00e9m \u00e9 formado pelos ministros Celso de Mello, Dias Toffoli, Ricardo Lewandowski e Gilmar Mendes.<\/p>\n","protected":false},"excerpt":{"rendered":"<p>O Supremo Tribunal Federal (STF) deve julgar nesta ter\u00e7a-feira (27), a partir das 14h, a den\u00fancia apresentada pela Procuradoria-Geral da Rep\u00fablica (PGR) contra a senadora Gleisi Hoffmann (PT-PR) e seu marido, o ex-ministro do Planejamento Paulo Bernardo, preso na Opera\u00e7\u00e3o Custo Brasil. Em maio, Gleisi e Paulo Bernardo foram denunciados ao Supremo sob a acusa\u00e7\u00e3o [&hellip;]<\/p>\n","protected":false},"author":2,"featured_media":114457,"comment_status":"open","ping_status":"open","sticky":false,"template":"","format":"standard","meta":{"_monsterinsights_skip_tracking":false,"_monsterinsights_sitenote_active":false,"_monsterinsights_sitenote_note":"","_monsterinsights_sitenote_category":0},"categories":[2528,12],"tags":[25266,7064,23235,1350,6587,15393,154,533,27489,3014,26876],"aioseo_notices":[],"_links":{"self":[{"href":"http:\/\/mspontocom.com.br\/site\/wp-json\/wp\/v2\/posts\/114456"}],"collection":[{"href":"http:\/\/mspontocom.com.br\/site\/wp-json\/wp\/v2\/posts"}],"about":[{"href":"http:\/\/mspontocom.com.br\/site\/wp-json\/wp\/v2\/types\/post"}],"author":[{"embeddable":true,"href":"http:\/\/mspontocom.com.br\/site\/wp-json\/wp\/v2\/users\/2"}],"replies":[{"embeddable":true,"href":"http:\/\/mspontocom.com.br\/site\/wp-json\/wp\/v2\/comments?post=114456"}],"version-history":[{"count":0,"href":"http:\/\/mspontocom.com.br\/site\/wp-json\/wp\/v2\/posts\/114456\/revisions"}],"wp:featuredmedia":[{"embeddable":true,"href":"http:\/\/mspontocom.com.br\/site\/wp-json\/wp\/v2\/media\/114457"}],"wp:attachment":[{"href":"http:\/\/mspontocom.com.br\/site\/wp-json\/wp\/v2\/media?parent=114456"}],"wp:term":[{"taxonomy":"category","embeddable":true,"href":"http:\/\/mspontocom.com.br\/site\/wp-json\/wp\/v2\/categories?post=114456"},{"taxonomy":"post_tag","embeddable":true,"href":"http:\/\/mspontocom.com.br\/site\/wp-json\/wp\/v2\/tags?post=114456"}],"curies":[{"name":"wp","href":"https:\/\/api.w.org\/{rel}","templated":true}]}}