{"id":114460,"date":"2016-09-28T06:20:39","date_gmt":"2016-09-28T10:20:39","guid":{"rendered":"https:\/\/mspontocom.com.br\/site\/?p=114460"},"modified":"2016-09-28T06:20:39","modified_gmt":"2016-09-28T10:20:39","slug":"morre-sombra-pivo-do-assassinato-do-prefeito-celso-daniel","status":"publish","type":"post","link":"http:\/\/mspontocom.com.br\/site\/morre-sombra-pivo-do-assassinato-do-prefeito-celso-daniel\/","title":{"rendered":"Morre &#8220;Sombra&#8221;, piv\u00f4 do assassinato do prefeito Celso Daniel"},"content":{"rendered":"<p style=\"text-align: justify;\"><a href=\"https:\/\/mspontocom.com.br\/site\/wp-content\/uploads\/2016\/09\/sombra.jpg\"><img loading=\"lazy\" class=\"alignleft size-full wp-image-114461\" alt=\"sombra\" src=\"https:\/\/mspontocom.com.br\/site\/wp-content\/uploads\/2016\/09\/sombra.jpg\" width=\"550\" height=\"640\" srcset=\"http:\/\/mspontocom.com.br\/site\/wp-content\/uploads\/2016\/09\/sombra.jpg 550w, http:\/\/mspontocom.com.br\/site\/wp-content\/uploads\/2016\/09\/sombra-240x280.jpg 240w\" sizes=\"(max-width: 550px) 100vw, 550px\" \/><\/a>O empres\u00e1rio <strong>S\u00e9rgio Gomes da Silva<\/strong>, conhecido como <strong>Sombra<\/strong>, morreu nesta ter\u00e7a (27) depois de cinco dias de interna\u00e7\u00e3o no Hospital Montemagno, em S\u00e3o Paulo.<\/p>\n<p style=\"text-align: justify;\">De acordo com a assessoria de imprensa do hospital, Sombra faleceu \u00e0s 06h30, mas a causa da morte n\u00e3o foi revelada.<\/p>\n<p style=\"text-align: justify;\">\u00a0Sombra ficou conhecido como suposto mentor do assassinato de<strong> Celso Daniel<\/strong>, ex-prefeito petista de Santo Andr\u00e9, em 2002, e morreu levando consigo os segredos do crime suspeito de ter envolvimento da c\u00fapula do<strong> PT<\/strong>.<\/p>\n<p style=\"text-align: justify;\">Celso Daniel e Sombra foram perseguidos por tr\u00eas carros ap\u00f3s um jantar em S\u00e3o Paulo. Quando tiveram que parar em consequ\u00eancia de tiros, os bandidos obrigaram Celso Daniel a entrar em um outro ve\u00edculo. Dois dias depois o corpo do ex-prefeito foi encontrado com sinais de tortura e oito tiros em uma estrada de Juquitiba, na Grande S\u00e3o Paulo.<\/p>\n","protected":false},"excerpt":{"rendered":"<p>O empres\u00e1rio S\u00e9rgio Gomes da Silva, conhecido como Sombra, morreu nesta ter\u00e7a (27) depois de cinco dias de interna\u00e7\u00e3o no Hospital Montemagno, em S\u00e3o Paulo. De acordo com a assessoria de imprensa do hospital, Sombra faleceu \u00e0s 06h30, mas a causa da morte n\u00e3o foi revelada. \u00a0Sombra ficou conhecido como suposto mentor do assassinato de [&hellip;]<\/p>\n","protected":false},"author":2,"featured_media":114461,"comment_status":"open","ping_status":"open","sticky":false,"template":"","format":"standard","meta":{"_monsterinsights_skip_tracking":false,"_monsterinsights_sitenote_active":false,"_monsterinsights_sitenote_note":"","_monsterinsights_sitenote_category":0},"categories":[12],"tags":[1217,24639,27490,6587,27491,154,636,533,27492,2653],"aioseo_notices":[],"_links":{"self":[{"href":"http:\/\/mspontocom.com.br\/site\/wp-json\/wp\/v2\/posts\/114460"}],"collection":[{"href":"http:\/\/mspontocom.com.br\/site\/wp-json\/wp\/v2\/posts"}],"about":[{"href":"http:\/\/mspontocom.com.br\/site\/wp-json\/wp\/v2\/types\/post"}],"author":[{"embeddable":true,"href":"http:\/\/mspontocom.com.br\/site\/wp-json\/wp\/v2\/users\/2"}],"replies":[{"embeddable":true,"href":"http:\/\/mspontocom.com.br\/site\/wp-json\/wp\/v2\/comments?post=114460"}],"version-history":[{"count":0,"href":"http:\/\/mspontocom.com.br\/site\/wp-json\/wp\/v2\/posts\/114460\/revisions"}],"wp:featuredmedia":[{"embeddable":true,"href":"http:\/\/mspontocom.com.br\/site\/wp-json\/wp\/v2\/media\/114461"}],"wp:attachment":[{"href":"http:\/\/mspontocom.com.br\/site\/wp-json\/wp\/v2\/media?parent=114460"}],"wp:term":[{"taxonomy":"category","embeddable":true,"href":"http:\/\/mspontocom.com.br\/site\/wp-json\/wp\/v2\/categories?post=114460"},{"taxonomy":"post_tag","embeddable":true,"href":"http:\/\/mspontocom.com.br\/site\/wp-json\/wp\/v2\/tags?post=114460"}],"curies":[{"name":"wp","href":"https:\/\/api.w.org\/{rel}","templated":true}]}}