{"id":114576,"date":"2016-10-01T07:06:35","date_gmt":"2016-10-01T11:06:35","guid":{"rendered":"https:\/\/mspontocom.com.br\/site\/?p=114576"},"modified":"2016-10-01T07:06:35","modified_gmt":"2016-10-01T11:06:35","slug":"revista-veja-revela-como-propina-da-transpetro-chegava-a-renan","status":"publish","type":"post","link":"http:\/\/mspontocom.com.br\/site\/revista-veja-revela-como-propina-da-transpetro-chegava-a-renan\/","title":{"rendered":"Revista Veja revela como propina da Transpetro chegava a Renan"},"content":{"rendered":"<p style=\"text-align: justify;\"><a href=\"https:\/\/mspontocom.com.br\/site\/wp-content\/uploads\/2016\/10\/renan1.jpeg\"><img loading=\"lazy\" class=\"alignleft size-full wp-image-114578\" alt=\"renan1\" src=\"https:\/\/mspontocom.com.br\/site\/wp-content\/uploads\/2016\/10\/renan1.jpeg\" width=\"627\" height=\"856\" srcset=\"http:\/\/mspontocom.com.br\/site\/wp-content\/uploads\/2016\/10\/renan1.jpeg 627w, http:\/\/mspontocom.com.br\/site\/wp-content\/uploads\/2016\/10\/renan1-205x280.jpeg 205w\" sizes=\"(max-width: 627px) 100vw, 627px\" \/><\/a>Ap\u00f3s as quedas da ex-presidente <strong>Dilma Rousseff<\/strong> e do ex-presidente da C\u00e2mara <strong>Eduardo Cunha<\/strong>, o presidente do Senado <strong>Renan Calheiros<\/strong> (PMDB) volta \u00e0 al\u00e7a de mira do combate \u00e0 corrup\u00e7\u00e3o.<\/p>\n<p style=\"text-align: justify;\">De acordo com reportagem de capa \u00a0desta semana da<strong> Revista Veja<\/strong>, o propineiro Felipe Parente fechou acordo de dela\u00e7\u00e3o para contar o destino das malas de dinheiro que carregava para Renan Calheiros e outros coron\u00e9is peemedebistas e\u00a0para dedurar como funcionava o delivery do esquema do petrol\u00e3o montado na subsidi\u00e1ria da <strong>Petrobras,<\/strong> a Transpetro.<\/p>\n<p style=\"text-align: justify;\">N\u00e3o ser\u00e1 a primeira vez que o nome de Renan estar\u00e1 ligado ao esquema de corrup\u00e7\u00e3o.<\/p>\n<p style=\"text-align: justify;\">O ex-presidente da<strong> Transpetro<\/strong>, S\u00e9rgio Machado, deixou de ser homem de confian\u00e7a de Renan quando revelou que repassava R$ 300 mil mensais ao presidente do Senado.<\/p>\n<p style=\"text-align: justify;\">H\u00e1 tr\u00eas dias, o ministro do STF Teori Zavascki prorrogou at\u00e9 novembro um dos oito inqu\u00e9ritos em que Renan \u00e9 investigado na Opera\u00e7\u00e3o Lava Jato, pela suspeita de receber R$ 1 milh\u00e3o do doleiro Alberto Youssef.<\/p>\n<p style=\"text-align: justify;\">\n<p style=\"text-align: justify;\">fontes: Davi Soares, Veja, Di\u00e1rio do Poder<\/p>\n","protected":false},"excerpt":{"rendered":"<p>Ap\u00f3s as quedas da ex-presidente Dilma Rousseff e do ex-presidente da C\u00e2mara Eduardo Cunha, o presidente do Senado Renan Calheiros (PMDB) volta \u00e0 al\u00e7a de mira do combate \u00e0 corrup\u00e7\u00e3o. De acordo com reportagem de capa \u00a0desta semana da Revista Veja, o propineiro Felipe Parente fechou acordo de dela\u00e7\u00e3o para contar o destino das malas [&hellip;]<\/p>\n","protected":false},"author":2,"featured_media":114578,"comment_status":"open","ping_status":"open","sticky":false,"template":"","format":"standard","meta":{"_monsterinsights_skip_tracking":false,"_monsterinsights_sitenote_active":false,"_monsterinsights_sitenote_note":"","_monsterinsights_sitenote_category":0},"categories":[6,12],"tags":[30254,27530,327,6587,154,383,4380,9868,26020,7980,14954,14362],"aioseo_notices":[],"_links":{"self":[{"href":"http:\/\/mspontocom.com.br\/site\/wp-json\/wp\/v2\/posts\/114576"}],"collection":[{"href":"http:\/\/mspontocom.com.br\/site\/wp-json\/wp\/v2\/posts"}],"about":[{"href":"http:\/\/mspontocom.com.br\/site\/wp-json\/wp\/v2\/types\/post"}],"author":[{"embeddable":true,"href":"http:\/\/mspontocom.com.br\/site\/wp-json\/wp\/v2\/users\/2"}],"replies":[{"embeddable":true,"href":"http:\/\/mspontocom.com.br\/site\/wp-json\/wp\/v2\/comments?post=114576"}],"version-history":[{"count":0,"href":"http:\/\/mspontocom.com.br\/site\/wp-json\/wp\/v2\/posts\/114576\/revisions"}],"wp:featuredmedia":[{"embeddable":true,"href":"http:\/\/mspontocom.com.br\/site\/wp-json\/wp\/v2\/media\/114578"}],"wp:attachment":[{"href":"http:\/\/mspontocom.com.br\/site\/wp-json\/wp\/v2\/media?parent=114576"}],"wp:term":[{"taxonomy":"category","embeddable":true,"href":"http:\/\/mspontocom.com.br\/site\/wp-json\/wp\/v2\/categories?post=114576"},{"taxonomy":"post_tag","embeddable":true,"href":"http:\/\/mspontocom.com.br\/site\/wp-json\/wp\/v2\/tags?post=114576"}],"curies":[{"name":"wp","href":"https:\/\/api.w.org\/{rel}","templated":true}]}}