{"id":114596,"date":"2016-10-02T06:29:56","date_gmt":"2016-10-02T10:29:56","guid":{"rendered":"https:\/\/mspontocom.com.br\/site\/?p=114596"},"modified":"2016-10-02T06:29:56","modified_gmt":"2016-10-02T10:29:56","slug":"dilma-fura-fila-para-se-aposentar-um-dia-depois-do-impeachment","status":"publish","type":"post","link":"http:\/\/mspontocom.com.br\/site\/dilma-fura-fila-para-se-aposentar-um-dia-depois-do-impeachment\/","title":{"rendered":"Dilma fura fila para se aposentar um dia depois do impeachment"},"content":{"rendered":"<p style=\"text-align: justify;\"><a href=\"https:\/\/mspontocom.com.br\/site\/wp-content\/uploads\/2016\/10\/dilma.jpeg\"><img loading=\"lazy\" class=\"alignleft size-full wp-image-114597\" alt=\"dilma\" src=\"https:\/\/mspontocom.com.br\/site\/wp-content\/uploads\/2016\/10\/dilma.jpeg\" width=\"620\" height=\"411\" srcset=\"http:\/\/mspontocom.com.br\/site\/wp-content\/uploads\/2016\/10\/dilma.jpeg 620w, http:\/\/mspontocom.com.br\/site\/wp-content\/uploads\/2016\/10\/dilma-260x172.jpeg 260w\" sizes=\"(max-width: 620px) 100vw, 620px\" \/><\/a>O Minist\u00e9rio do Desenvolvimento Social informou neste s\u00e1bado, 1, que afastou o ex-ministro petista Carlos Gabas e outros dois servidores de carreira do <strong>INSS<\/strong> para investigar a conduta deles em um suspeito tratamento diferenciado para a aposentadoria da presidente cassada<strong> Dilma Rousseff<\/strong> pelo instituto.<\/p>\n<p style=\"text-align: justify;\">Segundo reportagem da <strong>revista \u201c\u00c9poca\u201d<\/strong>, Dilma se aposentou menos de 24 horas depois de ter assinado, em 31 de agosto, a notifica\u00e7\u00e3o do Senado que oficializava que o impeachment tinha sido aprovado.<\/p>\n<p style=\"text-align: justify;\"><strong>Ela obteve a remunera\u00e7\u00e3o mensal de R$ 5.189,82, teto da Previd\u00eancia.<\/strong><\/p>\n<p style=\"text-align: justify;\">O tempo m\u00e9dio de espera para se aposentar no Brasil \u00e9 de 74 dias, segundo o INSS. Em Bras\u00edlia, onde o pedido de Dilma foi deferido, \u00e9 de 115 dias.<\/p>\n<p style=\"text-align: justify;\">O secret\u00e1rio executivo do Minist\u00e9rio do Desenvolvimento Social e Agr\u00e1rio, Alberto Beltrame, determinou ao INSS, vinculado \u00e0 Pasta, que abra sindic\u00e2ncia interna para apurar a responsabilidade de Gabas e de Iramo da Costa Coelho e Fernanda Cristina Doerl dos Santos.<\/p>\n<p style=\"text-align: justify;\">Segundo a \u201c\u00c9poca\u201d, Gabas \u2013 que foi ministro de Dilma e \u00e9 servidor de carreira do INSS \u2013 acompanhou uma mulher munida de procura\u00e7\u00e3o de Dilma para fazer o pedido da aposentadoria em uma ag\u00eancia do instituto em Bras\u00edlia.<\/p>\n<p style=\"text-align: justify;\">Segundo o minist\u00e9rio, os tr\u00eas foram afastados dos cargos de origem para que n\u00e3o possam interferir no andamento das investiga\u00e7\u00f5es.<\/p>\n<p style=\"text-align: justify;\">\u00a0Coelho e Fernanda v\u00e3o ser dispensados dos cargos de confian\u00e7a que ocupam.<\/p>\n<p style=\"text-align: justify;\">A decis\u00e3o ser\u00e1 publicada no Di\u00e1rio Oficial da Uni\u00e3o de ter\u00e7a-feira.<\/p>\n<p style=\"text-align: justify;\">fonte: (AE)<\/p>\n<p style=\"text-align: justify;\">\n","protected":false},"excerpt":{"rendered":"<p>O Minist\u00e9rio do Desenvolvimento Social informou neste s\u00e1bado, 1, que afastou o ex-ministro petista Carlos Gabas e outros dois servidores de carreira do INSS para investigar a conduta deles em um suspeito tratamento diferenciado para a aposentadoria da presidente cassada Dilma Rousseff pelo instituto. Segundo reportagem da revista \u201c\u00c9poca\u201d, Dilma se aposentou menos de 24 [&hellip;]<\/p>\n","protected":false},"author":2,"featured_media":114597,"comment_status":"open","ping_status":"open","sticky":false,"template":"","format":"standard","meta":{"_monsterinsights_skip_tracking":false,"_monsterinsights_sitenote_active":false,"_monsterinsights_sitenote_note":"","_monsterinsights_sitenote_category":0},"categories":[6,12],"tags":[27538,30254,195,27537,27536,617,6587,154,27539],"aioseo_notices":[],"_links":{"self":[{"href":"http:\/\/mspontocom.com.br\/site\/wp-json\/wp\/v2\/posts\/114596"}],"collection":[{"href":"http:\/\/mspontocom.com.br\/site\/wp-json\/wp\/v2\/posts"}],"about":[{"href":"http:\/\/mspontocom.com.br\/site\/wp-json\/wp\/v2\/types\/post"}],"author":[{"embeddable":true,"href":"http:\/\/mspontocom.com.br\/site\/wp-json\/wp\/v2\/users\/2"}],"replies":[{"embeddable":true,"href":"http:\/\/mspontocom.com.br\/site\/wp-json\/wp\/v2\/comments?post=114596"}],"version-history":[{"count":0,"href":"http:\/\/mspontocom.com.br\/site\/wp-json\/wp\/v2\/posts\/114596\/revisions"}],"wp:featuredmedia":[{"embeddable":true,"href":"http:\/\/mspontocom.com.br\/site\/wp-json\/wp\/v2\/media\/114597"}],"wp:attachment":[{"href":"http:\/\/mspontocom.com.br\/site\/wp-json\/wp\/v2\/media?parent=114596"}],"wp:term":[{"taxonomy":"category","embeddable":true,"href":"http:\/\/mspontocom.com.br\/site\/wp-json\/wp\/v2\/categories?post=114596"},{"taxonomy":"post_tag","embeddable":true,"href":"http:\/\/mspontocom.com.br\/site\/wp-json\/wp\/v2\/tags?post=114596"}],"curies":[{"name":"wp","href":"https:\/\/api.w.org\/{rel}","templated":true}]}}