{"id":114654,"date":"2016-10-03T14:33:53","date_gmt":"2016-10-03T18:33:53","guid":{"rendered":"https:\/\/mspontocom.com.br\/site\/?p=114654"},"modified":"2016-10-03T14:33:53","modified_gmt":"2016-10-03T18:33:53","slug":"delegado-da-lava-jato-vai-lancar-livro-com-prefacio-de-moro","status":"publish","type":"post","link":"http:\/\/mspontocom.com.br\/site\/delegado-da-lava-jato-vai-lancar-livro-com-prefacio-de-moro\/","title":{"rendered":"Delegado da Lava Jato vai lan\u00e7ar livro com pref\u00e1cio de Moro"},"content":{"rendered":"<div id=\"attachment_114655\" style=\"width: 694px\" class=\"wp-caption alignleft\"><a href=\"https:\/\/mspontocom.com.br\/site\/wp-content\/uploads\/2016\/10\/livro.jpg\"><img aria-describedby=\"caption-attachment-114655\" loading=\"lazy\" class=\"size-full wp-image-114655\" alt=\"livro\" src=\"https:\/\/mspontocom.com.br\/site\/wp-content\/uploads\/2016\/10\/livro.jpg\" width=\"684\" height=\"960\" srcset=\"http:\/\/mspontocom.com.br\/site\/wp-content\/uploads\/2016\/10\/livro.jpg 684w, http:\/\/mspontocom.com.br\/site\/wp-content\/uploads\/2016\/10\/livro-199x280.jpg 199w\" sizes=\"(max-width: 684px) 100vw, 684px\" \/><\/a><p id=\"caption-attachment-114655\" class=\"wp-caption-text\">divulga\u00e7\u00e3o<\/p><\/div>\n<p style=\"text-align: justify;\">O delegado da Pol\u00edcia Federal <strong>M\u00e1rcio Adriano Anselmo<\/strong>, coordenador da <strong>Opera\u00e7\u00e3o Lava Jato<\/strong> em Curitiba, \u00a0vai lan\u00e7ar um novo livro.<\/p>\n<p style=\"text-align: justify;\"><strong>&#8220;Colabora\u00e7\u00e3o Premiada &#8211; o novo paradigma do processo penal brasileiro&#8221;<\/strong>, da editora Mallet, ter\u00e1 pref\u00e1cio do juiz federal S\u00e9rgio Moro, respons\u00e1vel pela opera\u00e7\u00e3o em primeira inst\u00e2ncia.<\/p>\n<p style=\"text-align: justify;\">A obra, ainda sem data de lan\u00e7amento, vai abordar a doutrina e pr\u00e1tica da colabora\u00e7\u00e3o e do processo penal, na vis\u00e3o do delegado de pol\u00edcia.<\/p>\n<p style=\"text-align: justify;\">\u00a0No <strong>Facebook<\/strong>, o delegado anunciou a capa do livro, seguida de um sonoro &#8220;em breve!&#8221;.<\/p>\n<p style=\"text-align: justify;\">M\u00e1rcio Anselmo j\u00e1 lan\u00e7ou<strong> &#8216;Lavagem de Dinheiro e Coopera\u00e7\u00e3o Jur\u00eddica Internacional&#8217;<\/strong>, em 2012, onde faz uma an\u00e1lise do ambiente internacional da lavagem de dinheiro.<\/p>\n<p style=\"text-align: justify;\"><strong>Moro<\/strong> e Anselmo se conhecem h\u00e1 um tempo. Em maio do ano passado, M\u00e1rcio Anselmo virou doutor pela Universidade de S\u00e3o Paulo com o o juiz Moro na banca examinadora. O trabalho aprovado foi sobre normas internacionais no combate \u00e0 lavagem de dinheiro.<\/p>\n<p style=\"text-align: justify;\">\n<p style=\"text-align: justify;\">Fonte: Di\u00e1rio do Poder<\/p>\n<p style=\"text-align: justify;\">\n<p style=\"text-align: justify;\">\n","protected":false},"excerpt":{"rendered":"<p>O delegado da Pol\u00edcia Federal M\u00e1rcio Adriano Anselmo, coordenador da Opera\u00e7\u00e3o Lava Jato em Curitiba, \u00a0vai lan\u00e7ar um novo livro. &#8220;Colabora\u00e7\u00e3o Premiada &#8211; o novo paradigma do processo penal brasileiro&#8221;, da editora Mallet, ter\u00e1 pref\u00e1cio do juiz federal S\u00e9rgio Moro, respons\u00e1vel pela opera\u00e7\u00e3o em primeira inst\u00e2ncia. A obra, ainda sem data de lan\u00e7amento, vai abordar [&hellip;]<\/p>\n","protected":false},"author":2,"featured_media":114655,"comment_status":"open","ping_status":"open","sticky":false,"template":"","format":"standard","meta":{"_monsterinsights_skip_tracking":false,"_monsterinsights_sitenote_active":false,"_monsterinsights_sitenote_note":"","_monsterinsights_sitenote_category":0},"categories":[6,12],"tags":[27555,26223,21419,3028,27556,6587,27557,20193,25108],"aioseo_notices":[],"_links":{"self":[{"href":"http:\/\/mspontocom.com.br\/site\/wp-json\/wp\/v2\/posts\/114654"}],"collection":[{"href":"http:\/\/mspontocom.com.br\/site\/wp-json\/wp\/v2\/posts"}],"about":[{"href":"http:\/\/mspontocom.com.br\/site\/wp-json\/wp\/v2\/types\/post"}],"author":[{"embeddable":true,"href":"http:\/\/mspontocom.com.br\/site\/wp-json\/wp\/v2\/users\/2"}],"replies":[{"embeddable":true,"href":"http:\/\/mspontocom.com.br\/site\/wp-json\/wp\/v2\/comments?post=114654"}],"version-history":[{"count":0,"href":"http:\/\/mspontocom.com.br\/site\/wp-json\/wp\/v2\/posts\/114654\/revisions"}],"wp:featuredmedia":[{"embeddable":true,"href":"http:\/\/mspontocom.com.br\/site\/wp-json\/wp\/v2\/media\/114655"}],"wp:attachment":[{"href":"http:\/\/mspontocom.com.br\/site\/wp-json\/wp\/v2\/media?parent=114654"}],"wp:term":[{"taxonomy":"category","embeddable":true,"href":"http:\/\/mspontocom.com.br\/site\/wp-json\/wp\/v2\/categories?post=114654"},{"taxonomy":"post_tag","embeddable":true,"href":"http:\/\/mspontocom.com.br\/site\/wp-json\/wp\/v2\/tags?post=114654"}],"curies":[{"name":"wp","href":"https:\/\/api.w.org\/{rel}","templated":true}]}}