{"id":114670,"date":"2016-10-04T07:14:54","date_gmt":"2016-10-04T11:14:54","guid":{"rendered":"https:\/\/mspontocom.com.br\/site\/?p=114670"},"modified":"2016-10-04T07:14:54","modified_gmt":"2016-10-04T11:14:54","slug":"aecio-defende-previas-no-psdb-para-definir-nome-de-2018","status":"publish","type":"post","link":"http:\/\/mspontocom.com.br\/site\/aecio-defende-previas-no-psdb-para-definir-nome-de-2018\/","title":{"rendered":"A\u00e9cio defende pr\u00e9vias no PSDB para definir nome de 2018"},"content":{"rendered":"<p style=\"text-align: justify;\"><a href=\"https:\/\/mspontocom.com.br\/site\/wp-content\/uploads\/2016\/10\/psdb.jpg\"><img loading=\"lazy\" class=\"alignleft size-full wp-image-114671\" alt=\"psdb\" src=\"https:\/\/mspontocom.com.br\/site\/wp-content\/uploads\/2016\/10\/psdb.jpg\" width=\"652\" height=\"408\" srcset=\"http:\/\/mspontocom.com.br\/site\/wp-content\/uploads\/2016\/10\/psdb.jpg 652w, http:\/\/mspontocom.com.br\/site\/wp-content\/uploads\/2016\/10\/psdb-260x162.jpg 260w\" sizes=\"(max-width: 652px) 100vw, 652px\" \/><\/a>Um dia depois de o prefeito eleito de S\u00e3o Paulo, <strong>Jo\u00e3o D\u00f3ria<\/strong> (PSDB), lan\u00e7ar o governador do Estado <strong>Geraldo Alckmin<\/strong> para a disputa pelo Pal\u00e1cio do Planalto em 2018, o presidente nacional da legenda, senador <strong>A\u00e9cio Neves<\/strong>, defendeu, em Belo Horizonte, a realiza\u00e7\u00e3o de pr\u00e9vias para a escolha do candidato \u00e0 presid\u00eancia.<\/p>\n<p style=\"text-align: justify;\">A\u00e9cio afirmou que a consulta \u00e0s bases, tratada pelo tucano como &#8220;um belo caminho&#8221;, deve ser feita caso n\u00e3o haja consenso em torno de algum nome, mesmo sob o risco de racha na legenda.<\/p>\n<p style=\"text-align: justify;\">A\u00e9cio fez \u00a0um balan\u00e7o dos resultados dos tucanos nas elei\u00e7\u00f5es de 2016.<\/p>\n<p style=\"text-align: justify;\">O senador disse que a vit\u00f3ria em S\u00e3o Paulo foi<strong> &#8220;extraordin\u00e1ria&#8221;<\/strong>, mas disse que ocorreram performances &#8220;extraordin\u00e1rias&#8221; da legenda tamb\u00e9m no interior de S\u00e3o Paulo e em Minas.<\/p>\n<p style=\"text-align: justify;\">Para o senador, o ideal seria que o candidato a ser lan\u00e7ado fosse o que &#8220;chegasse em melhores condi\u00e7\u00f5es em 2018&#8221;.<\/p>\n<p style=\"text-align: justify;\">Sobre a possibilidade de racha na legenda por conta da consulta ao partido, o senador afirmou haver situa\u00e7\u00e3o pior do que isso. <strong>&#8220;N\u00e3o devemos temer as pr\u00e9vias. Por mais que isso possa gerar uma disputa interna, pior \u00e9 o cerceamento da oportunidade entre os nomes que possam concorrer&#8221;<\/strong>.<\/p>\n<p style=\"text-align: justify;\">fonte: (AE)<\/p>\n","protected":false},"excerpt":{"rendered":"<p>Um dia depois de o prefeito eleito de S\u00e3o Paulo, Jo\u00e3o D\u00f3ria (PSDB), lan\u00e7ar o governador do Estado Geraldo Alckmin para a disputa pelo Pal\u00e1cio do Planalto em 2018, o presidente nacional da legenda, senador A\u00e9cio Neves, defendeu, em Belo Horizonte, a realiza\u00e7\u00e3o de pr\u00e9vias para a escolha do candidato \u00e0 presid\u00eancia. A\u00e9cio afirmou que [&hellip;]<\/p>\n","protected":false},"author":2,"featured_media":114671,"comment_status":"open","ping_status":"open","sticky":false,"template":"","format":"standard","meta":{"_monsterinsights_skip_tracking":false,"_monsterinsights_sitenote_active":false,"_monsterinsights_sitenote_note":"","_monsterinsights_sitenote_category":0},"categories":[6,12],"tags":[2931,30254,24612,24925,12852,2451,1705,6587,7258,154,27561,27560,532],"aioseo_notices":[],"_links":{"self":[{"href":"http:\/\/mspontocom.com.br\/site\/wp-json\/wp\/v2\/posts\/114670"}],"collection":[{"href":"http:\/\/mspontocom.com.br\/site\/wp-json\/wp\/v2\/posts"}],"about":[{"href":"http:\/\/mspontocom.com.br\/site\/wp-json\/wp\/v2\/types\/post"}],"author":[{"embeddable":true,"href":"http:\/\/mspontocom.com.br\/site\/wp-json\/wp\/v2\/users\/2"}],"replies":[{"embeddable":true,"href":"http:\/\/mspontocom.com.br\/site\/wp-json\/wp\/v2\/comments?post=114670"}],"version-history":[{"count":0,"href":"http:\/\/mspontocom.com.br\/site\/wp-json\/wp\/v2\/posts\/114670\/revisions"}],"wp:featuredmedia":[{"embeddable":true,"href":"http:\/\/mspontocom.com.br\/site\/wp-json\/wp\/v2\/media\/114671"}],"wp:attachment":[{"href":"http:\/\/mspontocom.com.br\/site\/wp-json\/wp\/v2\/media?parent=114670"}],"wp:term":[{"taxonomy":"category","embeddable":true,"href":"http:\/\/mspontocom.com.br\/site\/wp-json\/wp\/v2\/categories?post=114670"},{"taxonomy":"post_tag","embeddable":true,"href":"http:\/\/mspontocom.com.br\/site\/wp-json\/wp\/v2\/tags?post=114670"}],"curies":[{"name":"wp","href":"https:\/\/api.w.org\/{rel}","templated":true}]}}