{"id":114673,"date":"2016-10-04T08:11:42","date_gmt":"2016-10-04T12:11:42","guid":{"rendered":"https:\/\/mspontocom.com.br\/site\/?p=114673"},"modified":"2016-10-04T08:11:42","modified_gmt":"2016-10-04T12:11:42","slug":"operacao-da-policia-federal-mira-oas-e-diretorio-do-pt-na-bahia","status":"publish","type":"post","link":"http:\/\/mspontocom.com.br\/site\/operacao-da-policia-federal-mira-oas-e-diretorio-do-pt-na-bahia\/","title":{"rendered":"Opera\u00e7\u00e3o da Pol\u00edcia Federal mira OAS e diret\u00f3rio do PT na Bahia"},"content":{"rendered":"<p style=\"text-align: justify;\"><a href=\"https:\/\/mspontocom.com.br\/site\/wp-content\/uploads\/2016\/10\/pf.jpeg\"><img loading=\"lazy\" class=\"alignleft size-full wp-image-114674\" alt=\"pf\" src=\"https:\/\/mspontocom.com.br\/site\/wp-content\/uploads\/2016\/10\/pf.jpeg\" width=\"460\" height=\"305\" srcset=\"http:\/\/mspontocom.com.br\/site\/wp-content\/uploads\/2016\/10\/pf.jpeg 460w, http:\/\/mspontocom.com.br\/site\/wp-content\/uploads\/2016\/10\/pf-260x172.jpeg 260w\" sizes=\"(max-width: 460px) 100vw, 460px\" \/><\/a>A \u00a0PF (Pol\u00edcia Federal) iniciou nesta ter\u00e7a-feira (4) a Opera\u00e7\u00e3o Hidra de Lerna, que investiga um grupo suspeito de criar um esquema de fraude em licita\u00e7\u00f5es e contratos no Minist\u00e9rio das Cidades e praticar financiamento ilegal de campanhas eleitorais.<\/p>\n<p style=\"text-align: justify;\">A a\u00e7\u00e3o ocorre na Bahia, Distrito Federal e Rio de Janeiro e os agentes cumprem 16 mandados de busca e apreens\u00e3o.<\/p>\n<p style=\"text-align: justify;\">A empreiteira<strong> OAS<\/strong> e um diret\u00f3rio do<strong> PT<\/strong> na Bahia s\u00e3o alvos da investiga\u00e7\u00e3o.<\/p>\n<p style=\"text-align: justify;\">O ex-ministro das Cidades Mario Negromonte tamb\u00e9m seria um dos investigados.<\/p>\n<p style=\"text-align: justify;\">Os mandados foram todos expedidos pela ministra Maria Thereza Rocha de Assis Moura, do Superior Tribunal de Justi\u00e7a. Os alvos da PF t\u00eam foro privilegiado.<\/p>\n<p>&nbsp;<\/p>\n","protected":false},"excerpt":{"rendered":"<p>A \u00a0PF (Pol\u00edcia Federal) iniciou nesta ter\u00e7a-feira (4) a Opera\u00e7\u00e3o Hidra de Lerna, que investiga um grupo suspeito de criar um esquema de fraude em licita\u00e7\u00f5es e contratos no Minist\u00e9rio das Cidades e praticar financiamento ilegal de campanhas eleitorais. A a\u00e7\u00e3o ocorre na Bahia, Distrito Federal e Rio de Janeiro e os agentes cumprem 16 [&hellip;]<\/p>\n","protected":false},"author":2,"featured_media":114674,"comment_status":"open","ping_status":"open","sticky":false,"template":"","format":"standard","meta":{"_monsterinsights_skip_tracking":false,"_monsterinsights_sitenote_active":false,"_monsterinsights_sitenote_note":"","_monsterinsights_sitenote_category":0},"categories":[12],"tags":[6587,4100,533],"aioseo_notices":[],"_links":{"self":[{"href":"http:\/\/mspontocom.com.br\/site\/wp-json\/wp\/v2\/posts\/114673"}],"collection":[{"href":"http:\/\/mspontocom.com.br\/site\/wp-json\/wp\/v2\/posts"}],"about":[{"href":"http:\/\/mspontocom.com.br\/site\/wp-json\/wp\/v2\/types\/post"}],"author":[{"embeddable":true,"href":"http:\/\/mspontocom.com.br\/site\/wp-json\/wp\/v2\/users\/2"}],"replies":[{"embeddable":true,"href":"http:\/\/mspontocom.com.br\/site\/wp-json\/wp\/v2\/comments?post=114673"}],"version-history":[{"count":0,"href":"http:\/\/mspontocom.com.br\/site\/wp-json\/wp\/v2\/posts\/114673\/revisions"}],"wp:featuredmedia":[{"embeddable":true,"href":"http:\/\/mspontocom.com.br\/site\/wp-json\/wp\/v2\/media\/114674"}],"wp:attachment":[{"href":"http:\/\/mspontocom.com.br\/site\/wp-json\/wp\/v2\/media?parent=114673"}],"wp:term":[{"taxonomy":"category","embeddable":true,"href":"http:\/\/mspontocom.com.br\/site\/wp-json\/wp\/v2\/categories?post=114673"},{"taxonomy":"post_tag","embeddable":true,"href":"http:\/\/mspontocom.com.br\/site\/wp-json\/wp\/v2\/tags?post=114673"}],"curies":[{"name":"wp","href":"https:\/\/api.w.org\/{rel}","templated":true}]}}