{"id":114694,"date":"2016-10-04T15:49:21","date_gmt":"2016-10-04T19:49:21","guid":{"rendered":"https:\/\/mspontocom.com.br\/site\/?p=114694"},"modified":"2016-10-04T10:01:34","modified_gmt":"2016-10-04T14:01:34","slug":"movimento-vem-pra-rua-elege-vereadora-em-sao-paulo","status":"publish","type":"post","link":"http:\/\/mspontocom.com.br\/site\/movimento-vem-pra-rua-elege-vereadora-em-sao-paulo\/","title":{"rendered":"Movimento Vem Pra Rua elege vereadora em S\u00e3o Paulo"},"content":{"rendered":"<p style=\"text-align: justify;\"><a href=\"https:\/\/mspontocom.com.br\/site\/wp-content\/uploads\/2016\/10\/janaina.jpg\"><img loading=\"lazy\" class=\"alignleft size-full wp-image-114695\" alt=\"VEREADORES\" src=\"https:\/\/mspontocom.com.br\/site\/wp-content\/uploads\/2016\/10\/janaina.jpg\" width=\"610\" height=\"407\" srcset=\"http:\/\/mspontocom.com.br\/site\/wp-content\/uploads\/2016\/10\/janaina.jpg 610w, http:\/\/mspontocom.com.br\/site\/wp-content\/uploads\/2016\/10\/janaina-260x173.jpg 260w\" sizes=\"(max-width: 610px) 100vw, 610px\" \/><\/a>A advogada <strong>Jana\u00edna Lima<\/strong>, 32, foi para a Paulista no domingo 13 de mar\u00e7o protestar contra<strong> Dilma Rousseff<\/strong>.<\/p>\n<p style=\"text-align: justify;\">Em abril, escolheu o <strong>Partido Novo<\/strong>, pelo qual se elegeu vereadora em S\u00e3o Paulo no domingo (3).<\/p>\n<p style=\"text-align: justify;\">Recebeu 19,4 mil votos, suficientes para lhe garantir a 51\u00aa posi\u00e7\u00e3o entre as 54 vagas na C\u00e2mara Legislativa.<\/p>\n<p style=\"text-align: justify;\">Al\u00e9m da paulista, a legenda sai do pleito com vagas nas c\u00e2maras municipais do Rio (Leandro Lyra), Belo Horizonte (Mateus Sim\u00f5es) e Porto Alegre (Felipe Camozzato).<\/p>\n<p style=\"text-align: justify;\">O Partido Novo defende bandeiras liberais, como a diminui\u00e7\u00e3o do papel do Estado, redu\u00e7\u00e3o da carga tribut\u00e1ria e a agenda de privatiza\u00e7\u00f5es.<\/p>\n<p style=\"text-align: justify;\">Recusa o Fundo Partid\u00e1rio e exige de seus filiados, caso eleitos, que dispensem carros oficiais e cortem o n\u00famero de assessores e a verba de gabinete. Tamb\u00e9m est\u00e3o proibidos de tentar se reeleger mais de uma vez.<\/p>\n<p style=\"text-align: justify;\">A cria\u00e7\u00e3o do Novo foi aprovada pelo Tribunal Superior Eleitoral em setembro de 2015. Os dirigentes precisaram correr para viabilizar nomes para 2016 e abriram processo seletivo \u00e0 procura de aspirantes a vereador e prefeito, com 591 inscritos no pa\u00eds.<\/p>\n<p style=\"text-align: justify;\">\n<p style=\"text-align: justify;\">\n<p style=\"text-align: justify;\">\n","protected":false},"excerpt":{"rendered":"<p>A advogada Jana\u00edna Lima, 32, foi para a Paulista no domingo 13 de mar\u00e7o protestar contra Dilma Rousseff. Em abril, escolheu o Partido Novo, pelo qual se elegeu vereadora em S\u00e3o Paulo no domingo (3). Recebeu 19,4 mil votos, suficientes para lhe garantir a 51\u00aa posi\u00e7\u00e3o entre as 54 vagas na C\u00e2mara Legislativa. Al\u00e9m da [&hellip;]<\/p>\n","protected":false},"author":2,"featured_media":114695,"comment_status":"open","ping_status":"open","sticky":false,"template":"","format":"standard","meta":{"_monsterinsights_skip_tracking":false,"_monsterinsights_sitenote_active":false,"_monsterinsights_sitenote_note":"","_monsterinsights_sitenote_category":0},"categories":[12],"tags":[27441,26328,25656,21404,6587,27567,154,201,19472,13017],"aioseo_notices":[],"_links":{"self":[{"href":"http:\/\/mspontocom.com.br\/site\/wp-json\/wp\/v2\/posts\/114694"}],"collection":[{"href":"http:\/\/mspontocom.com.br\/site\/wp-json\/wp\/v2\/posts"}],"about":[{"href":"http:\/\/mspontocom.com.br\/site\/wp-json\/wp\/v2\/types\/post"}],"author":[{"embeddable":true,"href":"http:\/\/mspontocom.com.br\/site\/wp-json\/wp\/v2\/users\/2"}],"replies":[{"embeddable":true,"href":"http:\/\/mspontocom.com.br\/site\/wp-json\/wp\/v2\/comments?post=114694"}],"version-history":[{"count":0,"href":"http:\/\/mspontocom.com.br\/site\/wp-json\/wp\/v2\/posts\/114694\/revisions"}],"wp:featuredmedia":[{"embeddable":true,"href":"http:\/\/mspontocom.com.br\/site\/wp-json\/wp\/v2\/media\/114695"}],"wp:attachment":[{"href":"http:\/\/mspontocom.com.br\/site\/wp-json\/wp\/v2\/media?parent=114694"}],"wp:term":[{"taxonomy":"category","embeddable":true,"href":"http:\/\/mspontocom.com.br\/site\/wp-json\/wp\/v2\/categories?post=114694"},{"taxonomy":"post_tag","embeddable":true,"href":"http:\/\/mspontocom.com.br\/site\/wp-json\/wp\/v2\/tags?post=114694"}],"curies":[{"name":"wp","href":"https:\/\/api.w.org\/{rel}","templated":true}]}}