{"id":114814,"date":"2016-10-07T15:00:42","date_gmt":"2016-10-07T19:00:42","guid":{"rendered":"https:\/\/mspontocom.com.br\/site\/?p=114814"},"modified":"2016-10-07T13:48:16","modified_gmt":"2016-10-07T17:48:16","slug":"campo-grande-sedia-edicao-do-pantanal-radical-de-parquedismo","status":"publish","type":"post","link":"http:\/\/mspontocom.com.br\/site\/campo-grande-sedia-edicao-do-pantanal-radical-de-parquedismo\/","title":{"rendered":"Campo Grande sedia edi\u00e7\u00e3o do Pantanal Radical de Parquedismo"},"content":{"rendered":"<p style=\"text-align: justify;\"><a href=\"https:\/\/mspontocom.com.br\/site\/wp-content\/uploads\/2016\/10\/paraqueda.png\"><img loading=\"lazy\" class=\"alignnone size-medium wp-image-114815\" alt=\"paraqueda\" src=\"https:\/\/mspontocom.com.br\/site\/wp-content\/uploads\/2016\/10\/paraqueda-260x143.png\" width=\"260\" height=\"143\" srcset=\"http:\/\/mspontocom.com.br\/site\/wp-content\/uploads\/2016\/10\/paraqueda-260x143.png 260w, http:\/\/mspontocom.com.br\/site\/wp-content\/uploads\/2016\/10\/paraqueda.png 672w\" sizes=\"(max-width: 260px) 100vw, 260px\" \/><\/a>Campo Grande realiza a 1\u00aa edi\u00e7\u00e3o do <strong>Pantanal Radical de paraquedismo<\/strong> entre os dias 10 e 13 de outubro.<\/p>\n<p style=\"text-align: justify;\">De acordo com os organizadores, o evento ter\u00e1 toda estrutura e seguran\u00e7a necess\u00e1ria para a pr\u00e1tica esportiva do paraquedismo.<\/p>\n<p style=\"text-align: justify;\">\u201cMato Grosso do Sul \u00e9 um dos principais destinos do turismo de aventura em todo o mundo, com paisagens deslumbrantes e atra\u00e7\u00f5es para praticantes de esportes de a\u00e7\u00e3o em v\u00e1rias modalidades. \u00c9 o cen\u00e1rio perfeito para a realiza\u00e7\u00e3o de eventos onde a integra\u00e7\u00e3o com a natureza os torna ainda mais relevantes e inesquec\u00edveis\u201d, destacou Rodrigo C\u00e9sar, organizador do evento.<\/p>\n<p style=\"text-align: justify;\">Parte do que for arrecadado ser\u00e1 revertido para uma o Centro de Reabilita\u00e7\u00e3o e Tratamento para dependentes Qu\u00edmicos, Alcoolistas e Familiares. Conforme Rodrigo, o prop\u00f3sito da a\u00e7\u00e3o \u00e9 o combate \u00e0s drogas e o incentivo \u00e0 pratica de esportes de aventura e adrenalina.<\/p>\n<p style=\"text-align: justify;\">A idade m\u00ednima para o salto \u00e9 de 16 anos completos, jovens de 16 e 17 precisam de autoriza\u00e7\u00e3o dos pais para realizar a atividade esportiva.<\/p>\n<p style=\"text-align: justify;\">J\u00e1 para a experi\u00eancia do passeio de bal\u00e3o cativo, n\u00e3o tem idade limite. As vagas s\u00e3o limitadas e as inscri\u00e7\u00f5es devem ser feitas antecipadamente.<\/p>\n<p style=\"text-align: justify;\">O evento tem apoio do Governo do Estado, atrav\u00e9s da Funda\u00e7\u00e3o de Turismo de MS, Secretaria de Estado de Cultura, Empreendedorismo e Inova\u00e7\u00e3o e da Funda\u00e7\u00e3o de Desporto e Lazer de Mato Grosso do Sul.<\/p>\n<p style=\"text-align: justify;\"><strong>Servi\u00e7o:<\/strong><\/p>\n<p style=\"text-align: justify;\">Dias: 10 a 13 de outubro<\/p>\n<p style=\"text-align: justify;\">Bal\u00e3o (dias 11 e 12) no Parque das Na\u00e7\u00f5es Ind\u00edgenas<\/p>\n<p style=\"text-align: justify;\">Paraquedismo (dias 10 a 13) no Aeroporto Santa Maria<\/p>\n<p style=\"text-align: justify;\">Mais informa\u00e7\u00f5es: 67- 98402-2378<\/p>\n<p style=\"text-align: justify;\">ou pelo site:\u00a0<a href=\"https:\/\/www.pantanalparaquedismo.com.br\/\">https:\/\/www.pantanalparaquedismo.com.br\/<\/a><\/p>\n<p style=\"text-align: justify;\">Comunidade terap\u00eautica do estado de MS<br \/>\n<a href=\"https:\/\/www.facebook.com\/tratamentocerta\/\">https:\/\/www.facebook.com\/tratamentocerta\/<\/a><\/p>\n<p style=\"text-align: justify;\">Escola de Paraquedismo Contratada para realiza\u00e7\u00e3o do evento.<br \/>\n<a href=\"https:\/\/www.skyradical.com.br\/\">https:\/\/www.skyradical.com.br\/<\/a><\/p>\n<p style=\"text-align: justify;\">\n","protected":false},"excerpt":{"rendered":"<p>Campo Grande realiza a 1\u00aa edi\u00e7\u00e3o do Pantanal Radical de paraquedismo entre os dias 10 e 13 de outubro. De acordo com os organizadores, o evento ter\u00e1 toda estrutura e seguran\u00e7a necess\u00e1ria para a pr\u00e1tica esportiva do paraquedismo. \u201cMato Grosso do Sul \u00e9 um dos principais destinos do turismo de aventura em todo o mundo, [&hellip;]<\/p>\n","protected":false},"author":2,"featured_media":114815,"comment_status":"open","ping_status":"open","sticky":false,"template":"","format":"standard","meta":{"_monsterinsights_skip_tracking":false,"_monsterinsights_sitenote_active":false,"_monsterinsights_sitenote_note":"","_monsterinsights_sitenote_category":0},"categories":[4328,3205],"tags":[123,23300,158,176,6587,279,27603,27602,25054],"aioseo_notices":[],"_links":{"self":[{"href":"http:\/\/mspontocom.com.br\/site\/wp-json\/wp\/v2\/posts\/114814"}],"collection":[{"href":"http:\/\/mspontocom.com.br\/site\/wp-json\/wp\/v2\/posts"}],"about":[{"href":"http:\/\/mspontocom.com.br\/site\/wp-json\/wp\/v2\/types\/post"}],"author":[{"embeddable":true,"href":"http:\/\/mspontocom.com.br\/site\/wp-json\/wp\/v2\/users\/2"}],"replies":[{"embeddable":true,"href":"http:\/\/mspontocom.com.br\/site\/wp-json\/wp\/v2\/comments?post=114814"}],"version-history":[{"count":0,"href":"http:\/\/mspontocom.com.br\/site\/wp-json\/wp\/v2\/posts\/114814\/revisions"}],"wp:featuredmedia":[{"embeddable":true,"href":"http:\/\/mspontocom.com.br\/site\/wp-json\/wp\/v2\/media\/114815"}],"wp:attachment":[{"href":"http:\/\/mspontocom.com.br\/site\/wp-json\/wp\/v2\/media?parent=114814"}],"wp:term":[{"taxonomy":"category","embeddable":true,"href":"http:\/\/mspontocom.com.br\/site\/wp-json\/wp\/v2\/categories?post=114814"},{"taxonomy":"post_tag","embeddable":true,"href":"http:\/\/mspontocom.com.br\/site\/wp-json\/wp\/v2\/tags?post=114814"}],"curies":[{"name":"wp","href":"https:\/\/api.w.org\/{rel}","templated":true}]}}