{"id":114954,"date":"2016-10-12T09:30:31","date_gmt":"2016-10-12T13:30:31","guid":{"rendered":"https:\/\/mspontocom.com.br\/site\/?p=114954"},"modified":"2016-10-12T08:51:31","modified_gmt":"2016-10-12T12:51:31","slug":"temer-diz-que-reforma-da-previdencia-tambem-atingira-classe-politica","status":"publish","type":"post","link":"http:\/\/mspontocom.com.br\/site\/temer-diz-que-reforma-da-previdencia-tambem-atingira-classe-politica\/","title":{"rendered":"Temer diz que reforma da Previd\u00eancia tamb\u00e9m atingir\u00e1 classe pol\u00edtica"},"content":{"rendered":"<p style=\"text-align: justify;\"><a href=\"https:\/\/mspontocom.com.br\/site\/wp-content\/uploads\/2016\/10\/temer1.jpeg\"><img loading=\"lazy\" class=\"alignleft size-medium wp-image-114955\" alt=\"temer1\" src=\"https:\/\/mspontocom.com.br\/site\/wp-content\/uploads\/2016\/10\/temer1-260x195.jpeg\" width=\"260\" height=\"195\" srcset=\"http:\/\/mspontocom.com.br\/site\/wp-content\/uploads\/2016\/10\/temer1-260x195.jpeg 260w, http:\/\/mspontocom.com.br\/site\/wp-content\/uploads\/2016\/10\/temer1.jpeg 690w\" sizes=\"(max-width: 260px) 100vw, 260px\" \/><\/a>O presidente <strong>Michel Temer<\/strong> afirmou nesta ter\u00e7a-feira, 11, que a<strong> reforma da Previd\u00eancia<\/strong> vai propor o fim das diferen\u00e7as entre o regime de previd\u00eancia geral e o p\u00fablico,<strong> inclusive a classe pol\u00edtica.<\/strong><\/p>\n<p style=\"text-align: justify;\">Atualmente, os funcion\u00e1rios do setor p\u00fablico e do setor privado s\u00e3o regidos por normas diferentes.<\/p>\n<p style=\"text-align: justify;\">Em entrevista \u00e0 r\u00e1dio CBN, o peemedebista informou ainda que a reforma ser\u00e1 enviada ao Congresso na forma de Projeto de Emenda \u00e0 Constitui\u00e7\u00e3o (PEC).<\/p>\n<p style=\"text-align: justify;\">&#8220;Recebi um primeiro esbo\u00e7o da reforma e olharei mais atentamente ap\u00f3s a viagem \u00e0 \u00cdndia e ao Jap\u00e3o, mas vai ser geral, vai atingir a todos, evidentemente vamos fazer uma coisa equ\u00e2nime, n\u00e3o vai ter distin\u00e7\u00e3o de setores. <strong>Por exemplo, n\u00e3o vai ter diferen\u00e7a entre a previd\u00eancia geral e a de funcion\u00e1rios p\u00fablicos. Esse \u00e9 um ponto que j\u00e1 est\u00e1 definido&#8221;, disse.<\/strong><\/p>\n<p style=\"text-align: justify;\">Em seguida o presidente foi questionado se os militares tamb\u00e9m deixariam de ter um regime pr\u00f3prio de previd\u00eancia.<\/p>\n<p style=\"text-align: justify;\">Temer afirmou que ainda n\u00e3o sabe como ficar\u00e1 esse ponto. &#8220;Confesso que n\u00e3o sei dizer. Recebi um bel\u00edssimo esbo\u00e7o, n\u00e3o por inteiro. Os militares evidentemente sempre tiveram tratamento diferenciado, em fun\u00e7\u00e3o das peculiaridades da carreira&#8221;, disse o presidente.<\/p>\n<p style=\"text-align: justify;\"><b>\u00a0<\/b><\/p>\n","protected":false},"excerpt":{"rendered":"<p>O presidente Michel Temer afirmou nesta ter\u00e7a-feira, 11, que a reforma da Previd\u00eancia vai propor o fim das diferen\u00e7as entre o regime de previd\u00eancia geral e o p\u00fablico, inclusive a classe pol\u00edtica. Atualmente, os funcion\u00e1rios do setor p\u00fablico e do setor privado s\u00e3o regidos por normas diferentes. Em entrevista \u00e0 r\u00e1dio CBN, o peemedebista informou [&hellip;]<\/p>\n","protected":false},"author":2,"featured_media":114955,"comment_status":"open","ping_status":"open","sticky":false,"template":"","format":"standard","meta":{"_monsterinsights_skip_tracking":false,"_monsterinsights_sitenote_active":false,"_monsterinsights_sitenote_note":"","_monsterinsights_sitenote_category":0},"categories":[6,2528,12],"tags":[25409,27642,30254,27643,24287,617,1350,2264,6587,154,305,2400,1509,27644,155],"aioseo_notices":[],"_links":{"self":[{"href":"http:\/\/mspontocom.com.br\/site\/wp-json\/wp\/v2\/posts\/114954"}],"collection":[{"href":"http:\/\/mspontocom.com.br\/site\/wp-json\/wp\/v2\/posts"}],"about":[{"href":"http:\/\/mspontocom.com.br\/site\/wp-json\/wp\/v2\/types\/post"}],"author":[{"embeddable":true,"href":"http:\/\/mspontocom.com.br\/site\/wp-json\/wp\/v2\/users\/2"}],"replies":[{"embeddable":true,"href":"http:\/\/mspontocom.com.br\/site\/wp-json\/wp\/v2\/comments?post=114954"}],"version-history":[{"count":0,"href":"http:\/\/mspontocom.com.br\/site\/wp-json\/wp\/v2\/posts\/114954\/revisions"}],"wp:featuredmedia":[{"embeddable":true,"href":"http:\/\/mspontocom.com.br\/site\/wp-json\/wp\/v2\/media\/114955"}],"wp:attachment":[{"href":"http:\/\/mspontocom.com.br\/site\/wp-json\/wp\/v2\/media?parent=114954"}],"wp:term":[{"taxonomy":"category","embeddable":true,"href":"http:\/\/mspontocom.com.br\/site\/wp-json\/wp\/v2\/categories?post=114954"},{"taxonomy":"post_tag","embeddable":true,"href":"http:\/\/mspontocom.com.br\/site\/wp-json\/wp\/v2\/tags?post=114954"}],"curies":[{"name":"wp","href":"https:\/\/api.w.org\/{rel}","templated":true}]}}