{"id":114970,"date":"2016-10-13T07:05:17","date_gmt":"2016-10-13T11:05:17","guid":{"rendered":"https:\/\/mspontocom.com.br\/site\/?p=114970"},"modified":"2016-10-13T07:05:17","modified_gmt":"2016-10-13T11:05:17","slug":"no-congresso-governo-quer-aumentar-pena-para-crime-de-corrupcao","status":"publish","type":"post","link":"http:\/\/mspontocom.com.br\/site\/no-congresso-governo-quer-aumentar-pena-para-crime-de-corrupcao\/","title":{"rendered":"No Congresso: Governo quer aumentar pena para crime de corrup\u00e7\u00e3o"},"content":{"rendered":"<p style=\"text-align: justify;\"><a href=\"https:\/\/mspontocom.com.br\/site\/wp-content\/uploads\/2016\/10\/corrupcao.jpg\"><img loading=\"lazy\" class=\"alignleft size-medium wp-image-114971\" alt=\"corrupcao\" src=\"https:\/\/mspontocom.com.br\/site\/wp-content\/uploads\/2016\/10\/corrupcao-260x195.jpg\" width=\"260\" height=\"195\" srcset=\"http:\/\/mspontocom.com.br\/site\/wp-content\/uploads\/2016\/10\/corrupcao-260x195.jpg 260w, http:\/\/mspontocom.com.br\/site\/wp-content\/uploads\/2016\/10\/corrupcao.jpg 400w\" sizes=\"(max-width: 260px) 100vw, 260px\" \/><\/a>O governo <strong>Michel Temer<\/strong> quer aumentar o tempo de cumprimento de pena em regime fechado de condenados por <strong>corrup\u00e7\u00e3o<\/strong> ativa e passiva e por crimes praticados com viol\u00eancia ou que representem grave amea\u00e7a.<\/p>\n<p style=\"text-align: justify;\">Com a mudan\u00e7a, por exemplo, o tempo exigido para a progress\u00e3o de pena para uma condena\u00e7\u00e3o de 5 anos e 4 meses por roubo qualificado com uso de arma de fogo passaria de 11 meses para 2 anos e 7 meses.<\/p>\n<p style=\"text-align: justify;\">No caso de corrup\u00e7\u00e3o ativa, a progress\u00e3o de regime para uma pena de 4 anos e um 1 m\u00eas aconteceria a partir de 2 anos, e n\u00e3o mais de 8 meses como \u00e9 atualmente.<\/p>\n<p style=\"text-align: justify;\"><strong>A proposta de altera\u00e7\u00e3o na Lei de Execu\u00e7\u00e3o Penal est\u00e1 sendo feita pelo Minist\u00e9rio da Justi\u00e7a e deve ir ao Congresso em novembro. <\/strong><\/p>\n<p style=\"text-align: justify;\"><strong>O Minist\u00e9rio P\u00fablico Federal tamb\u00e9m \u00e9 a favor, ao defender que corrup\u00e7\u00e3o envolvendo altos valores seja considerada crime hediondo.\u00a0<\/strong><\/p>\n<p style=\"text-align: justify;\">O governo pretende discutir a iniciativa ainda neste m\u00eas com os presidentes do Senado, Renan Calheiros (PMDB-AL), e da C\u00e2mara, Rodrigo Maia (DEM-RJ), e envi\u00e1-la ao Congresso at\u00e9 o final de novembro.<\/p>\n<p style=\"text-align: justify;\">\n<p style=\"text-align: justify;\">fonte: Folha<\/p>\n<p style=\"text-align: justify;\">\n","protected":false},"excerpt":{"rendered":"<p>O governo Michel Temer quer aumentar o tempo de cumprimento de pena em regime fechado de condenados por corrup\u00e7\u00e3o ativa e passiva e por crimes praticados com viol\u00eancia ou que representem grave amea\u00e7a. Com a mudan\u00e7a, por exemplo, o tempo exigido para a progress\u00e3o de pena para uma condena\u00e7\u00e3o de 5 anos e 4 meses [&hellip;]<\/p>\n","protected":false},"author":2,"featured_media":114971,"comment_status":"open","ping_status":"open","sticky":false,"template":"","format":"standard","meta":{"_monsterinsights_skip_tracking":false,"_monsterinsights_sitenote_active":false,"_monsterinsights_sitenote_note":"","_monsterinsights_sitenote_category":0},"categories":[6,2528,12],"tags":[25886,30254,2576,327,2719,78,1350,5222,6587,25121,155],"aioseo_notices":[],"_links":{"self":[{"href":"http:\/\/mspontocom.com.br\/site\/wp-json\/wp\/v2\/posts\/114970"}],"collection":[{"href":"http:\/\/mspontocom.com.br\/site\/wp-json\/wp\/v2\/posts"}],"about":[{"href":"http:\/\/mspontocom.com.br\/site\/wp-json\/wp\/v2\/types\/post"}],"author":[{"embeddable":true,"href":"http:\/\/mspontocom.com.br\/site\/wp-json\/wp\/v2\/users\/2"}],"replies":[{"embeddable":true,"href":"http:\/\/mspontocom.com.br\/site\/wp-json\/wp\/v2\/comments?post=114970"}],"version-history":[{"count":0,"href":"http:\/\/mspontocom.com.br\/site\/wp-json\/wp\/v2\/posts\/114970\/revisions"}],"wp:featuredmedia":[{"embeddable":true,"href":"http:\/\/mspontocom.com.br\/site\/wp-json\/wp\/v2\/media\/114971"}],"wp:attachment":[{"href":"http:\/\/mspontocom.com.br\/site\/wp-json\/wp\/v2\/media?parent=114970"}],"wp:term":[{"taxonomy":"category","embeddable":true,"href":"http:\/\/mspontocom.com.br\/site\/wp-json\/wp\/v2\/categories?post=114970"},{"taxonomy":"post_tag","embeddable":true,"href":"http:\/\/mspontocom.com.br\/site\/wp-json\/wp\/v2\/tags?post=114970"}],"curies":[{"name":"wp","href":"https:\/\/api.w.org\/{rel}","templated":true}]}}