{"id":114974,"date":"2016-10-13T07:54:22","date_gmt":"2016-10-13T11:54:22","guid":{"rendered":"https:\/\/mspontocom.com.br\/site\/?p=114974"},"modified":"2016-10-13T07:30:42","modified_gmt":"2016-10-13T11:30:42","slug":"movimento-organiza-manifestacao-contra-pec-241-em-campo-grande","status":"publish","type":"post","link":"http:\/\/mspontocom.com.br\/site\/movimento-organiza-manifestacao-contra-pec-241-em-campo-grande\/","title":{"rendered":"Movimento organiza manifesta\u00e7\u00e3o contra PEC 241 em Campo Grande"},"content":{"rendered":"<p style=\"text-align: justify;\" align=\"center\"><a href=\"https:\/\/mspontocom.com.br\/site\/wp-content\/uploads\/2016\/10\/pec2.jpg\"><img loading=\"lazy\" class=\"alignleft size-medium wp-image-114975\" alt=\"pec\" src=\"https:\/\/mspontocom.com.br\/site\/wp-content\/uploads\/2016\/10\/pec2-198x280.jpg\" width=\"198\" height=\"280\" srcset=\"http:\/\/mspontocom.com.br\/site\/wp-content\/uploads\/2016\/10\/pec2-198x280.jpg 198w, http:\/\/mspontocom.com.br\/site\/wp-content\/uploads\/2016\/10\/pec2.jpg 441w\" sizes=\"(max-width: 198px) 100vw, 198px\" \/><\/a>A Frente Brasil Popular-MS realiza ato nesta quinta-feira, 13\/10, a partir das 16h, esquina Cal\u00f3geras e Afonso Pena, em Campo Grande.<\/p>\n<p style=\"text-align: justify;\" align=\"center\">O Movimento pretende denunciar eventuais perdas em educa\u00e7\u00e3o, sa\u00fade e assist\u00eancia social representadas pela PEC 241\/2016 e outras medidas do governo federal.<\/p>\n<p style=\"text-align: justify;\">Em MS, votaram a favor da PEC 241 \u00a0os deputados Carlos Marun (PMDB), Geraldo Rezende (PSDB), Elizeu Dion\u00edzio (PSDB), Tereza Cristina (PSB) e Mandetta (DEM).<\/p>\n<p>&nbsp;<\/p>\n","protected":false},"excerpt":{"rendered":"<p>A Frente Brasil Popular-MS realiza ato nesta quinta-feira, 13\/10, a partir das 16h, esquina Cal\u00f3geras e Afonso Pena, em Campo Grande. O Movimento pretende denunciar eventuais perdas em educa\u00e7\u00e3o, sa\u00fade e assist\u00eancia social representadas pela PEC 241\/2016 e outras medidas do governo federal. Em MS, votaram a favor da PEC 241 \u00a0os deputados Carlos Marun [&hellip;]<\/p>\n","protected":false},"author":2,"featured_media":114975,"comment_status":"open","ping_status":"open","sticky":false,"template":"","format":"standard","meta":{"_monsterinsights_skip_tracking":false,"_monsterinsights_sitenote_active":false,"_monsterinsights_sitenote_note":"","_monsterinsights_sitenote_category":0},"categories":[4328,2528,12],"tags":[123,23797,104,27648,15625,21404,6587,25835,27598,154,82],"aioseo_notices":[],"_links":{"self":[{"href":"http:\/\/mspontocom.com.br\/site\/wp-json\/wp\/v2\/posts\/114974"}],"collection":[{"href":"http:\/\/mspontocom.com.br\/site\/wp-json\/wp\/v2\/posts"}],"about":[{"href":"http:\/\/mspontocom.com.br\/site\/wp-json\/wp\/v2\/types\/post"}],"author":[{"embeddable":true,"href":"http:\/\/mspontocom.com.br\/site\/wp-json\/wp\/v2\/users\/2"}],"replies":[{"embeddable":true,"href":"http:\/\/mspontocom.com.br\/site\/wp-json\/wp\/v2\/comments?post=114974"}],"version-history":[{"count":0,"href":"http:\/\/mspontocom.com.br\/site\/wp-json\/wp\/v2\/posts\/114974\/revisions"}],"wp:featuredmedia":[{"embeddable":true,"href":"http:\/\/mspontocom.com.br\/site\/wp-json\/wp\/v2\/media\/114975"}],"wp:attachment":[{"href":"http:\/\/mspontocom.com.br\/site\/wp-json\/wp\/v2\/media?parent=114974"}],"wp:term":[{"taxonomy":"category","embeddable":true,"href":"http:\/\/mspontocom.com.br\/site\/wp-json\/wp\/v2\/categories?post=114974"},{"taxonomy":"post_tag","embeddable":true,"href":"http:\/\/mspontocom.com.br\/site\/wp-json\/wp\/v2\/tags?post=114974"}],"curies":[{"name":"wp","href":"https:\/\/api.w.org\/{rel}","templated":true}]}}