{"id":114998,"date":"2016-10-14T07:21:38","date_gmt":"2016-10-14T11:21:38","guid":{"rendered":"https:\/\/mspontocom.com.br\/site\/?p=114998"},"modified":"2016-10-14T07:21:38","modified_gmt":"2016-10-14T11:21:38","slug":"moro-recebe-acao-e-eduardo-cunha-e-reu-na-lava-jato","status":"publish","type":"post","link":"http:\/\/mspontocom.com.br\/site\/moro-recebe-acao-e-eduardo-cunha-e-reu-na-lava-jato\/","title":{"rendered":"Moro recebe a\u00e7\u00e3o e Eduardo Cunha \u00e9 r\u00e9u na Lava Jato"},"content":{"rendered":"<p style=\"text-align: justify;\"><a href=\"https:\/\/mspontocom.com.br\/site\/wp-content\/uploads\/2016\/10\/eduardo-cunha-sergio-moro.jpg\"><img loading=\"lazy\" class=\"alignleft size-medium wp-image-115000\" alt=\"eduardo-cunha-sergio-moro\" src=\"https:\/\/mspontocom.com.br\/site\/wp-content\/uploads\/2016\/10\/eduardo-cunha-sergio-moro-260x179.jpg\" width=\"260\" height=\"179\" srcset=\"http:\/\/mspontocom.com.br\/site\/wp-content\/uploads\/2016\/10\/eduardo-cunha-sergio-moro-260x179.jpg 260w, http:\/\/mspontocom.com.br\/site\/wp-content\/uploads\/2016\/10\/eduardo-cunha-sergio-moro.jpg 460w\" sizes=\"(max-width: 260px) 100vw, 260px\" \/><\/a>O juiz<strong> S\u00e9rgio Moro<\/strong> recebeu nesta quinta-feira, 13, a a\u00e7\u00e3o penal contra o deputado cassado e ex-presidente da C\u00e2mara<strong> Eduardo Cunha (<\/strong>PMDB).<\/p>\n<p style=\"text-align: justify;\">Cunha que se torna r\u00e9u sob acusa\u00e7\u00e3o\u00a0de corrup\u00e7\u00e3o, lavagem de dinheiro e evas\u00e3o fiscal pela manuten\u00e7\u00e3o de contas secretas na Su\u00ed\u00e7a que teriam recebido propina do petrol\u00e3o.<\/p>\n<p style=\"text-align: justify;\"><strong>Moro apenas deu 10 dias para o peemedebista apresentar sua defesa.<\/strong><\/p>\n<p style=\"text-align: justify;\">Nesta a\u00e7\u00e3o, a segunda em que Cunha \u00e9 r\u00e9u na Lava Jato, o ex-deputado \u00e9 acusado de receber R$ 5 milh\u00f5es de propina em contas na Su\u00ed\u00e7a, abastecidas com dinheiro origin\u00e1rio de contratos de explora\u00e7\u00e3o de petr\u00f3leo da Petrobras na \u00c1frica.<\/p>\n<p style=\"text-align: justify;\"><strong><\/p>\n<p><\/strong><\/p>\n<p style=\"text-align: justify;\">\n<p style=\"text-align: justify;\">\n<p style=\"text-align: justify;\">\n","protected":false},"excerpt":{"rendered":"<p>O juiz S\u00e9rgio Moro recebeu nesta quinta-feira, 13, a a\u00e7\u00e3o penal contra o deputado cassado e ex-presidente da C\u00e2mara Eduardo Cunha (PMDB). Cunha que se torna r\u00e9u sob acusa\u00e7\u00e3o\u00a0de corrup\u00e7\u00e3o, lavagem de dinheiro e evas\u00e3o fiscal pela manuten\u00e7\u00e3o de contas secretas na Su\u00ed\u00e7a que teriam recebido propina do petrol\u00e3o. Moro apenas deu 10 dias para [&hellip;]<\/p>\n","protected":false},"author":2,"featured_media":115000,"comment_status":"open","ping_status":"open","sticky":false,"template":"","format":"standard","meta":{"_monsterinsights_skip_tracking":false,"_monsterinsights_sitenote_active":false,"_monsterinsights_sitenote_note":"","_monsterinsights_sitenote_category":0},"categories":[6,2528,12],"tags":[27658,30254,1350,21419,23158,6587,154,24464,25870,20193,27659],"aioseo_notices":[],"_links":{"self":[{"href":"http:\/\/mspontocom.com.br\/site\/wp-json\/wp\/v2\/posts\/114998"}],"collection":[{"href":"http:\/\/mspontocom.com.br\/site\/wp-json\/wp\/v2\/posts"}],"about":[{"href":"http:\/\/mspontocom.com.br\/site\/wp-json\/wp\/v2\/types\/post"}],"author":[{"embeddable":true,"href":"http:\/\/mspontocom.com.br\/site\/wp-json\/wp\/v2\/users\/2"}],"replies":[{"embeddable":true,"href":"http:\/\/mspontocom.com.br\/site\/wp-json\/wp\/v2\/comments?post=114998"}],"version-history":[{"count":0,"href":"http:\/\/mspontocom.com.br\/site\/wp-json\/wp\/v2\/posts\/114998\/revisions"}],"wp:featuredmedia":[{"embeddable":true,"href":"http:\/\/mspontocom.com.br\/site\/wp-json\/wp\/v2\/media\/115000"}],"wp:attachment":[{"href":"http:\/\/mspontocom.com.br\/site\/wp-json\/wp\/v2\/media?parent=114998"}],"wp:term":[{"taxonomy":"category","embeddable":true,"href":"http:\/\/mspontocom.com.br\/site\/wp-json\/wp\/v2\/categories?post=114998"},{"taxonomy":"post_tag","embeddable":true,"href":"http:\/\/mspontocom.com.br\/site\/wp-json\/wp\/v2\/tags?post=114998"}],"curies":[{"name":"wp","href":"https:\/\/api.w.org\/{rel}","templated":true}]}}