{"id":115098,"date":"2016-10-18T07:29:37","date_gmt":"2016-10-18T10:29:37","guid":{"rendered":"https:\/\/mspontocom.com.br\/site\/?p=115098"},"modified":"2016-10-18T07:29:37","modified_gmt":"2016-10-18T10:29:37","slug":"carmen-lucia-diz-que-julgamento-da-lava-jato-sera-mais-agil-do-que-mensalao","status":"publish","type":"post","link":"http:\/\/mspontocom.com.br\/site\/carmen-lucia-diz-que-julgamento-da-lava-jato-sera-mais-agil-do-que-mensalao\/","title":{"rendered":"C\u00e1rmen L\u00facia diz que julgamento da Lava Jato ser\u00e1 mais \u00e1gil do que Mensal\u00e3o"},"content":{"rendered":"<p style=\"text-align: justify;\"><a href=\"https:\/\/mspontocom.com.br\/site\/wp-content\/uploads\/2016\/10\/carmen-lucia.jpeg\"><img loading=\"lazy\" class=\"alignleft size-medium wp-image-115099\" alt=\"carmen-lucia\" src=\"https:\/\/mspontocom.com.br\/site\/wp-content\/uploads\/2016\/10\/carmen-lucia-260x172.jpeg\" width=\"260\" height=\"172\" srcset=\"http:\/\/mspontocom.com.br\/site\/wp-content\/uploads\/2016\/10\/carmen-lucia-260x172.jpeg 260w, http:\/\/mspontocom.com.br\/site\/wp-content\/uploads\/2016\/10\/carmen-lucia.jpeg 600w\" sizes=\"(max-width: 260px) 100vw, 260px\" \/><\/a>A presidente do Supremo Tribunal Federal <strong>(STF),<\/strong> ministra <strong>C\u00e1rmen L\u00facia,<\/strong> afirmou na noite desta segunda-feira (17) que os processos relacionados \u00e0 Opera\u00e7\u00e3o Lava Jato que est\u00e3o na Corte devem ser analisados de forma mais \u00e1gil do que o processo do Mensal\u00e3o.<\/p>\n<p style=\"text-align: justify;\">Segundo a ministra, isso ser\u00e1 poss\u00edvel pela distribui\u00e7\u00e3o das den\u00fancias da Lava Jato em diversos inqu\u00e9ritos, diferente da A\u00e7\u00e3o Penal 470 (mensal\u00e3o), estava unificada em um processo.<\/p>\n<p style=\"text-align: justify;\">&#8220;<strong>Provavelmente a agilidade vai se muito maior do que aquela experi\u00eancia. Igual n\u00e3o vai ser, at\u00e9 porque o julgamento do Supremo exige instru\u00e7\u00e3o, busca da verdade e solu\u00e7\u00e3o sem possibilidade que h\u00e1 em rela\u00e7\u00e3o a recursos&#8221;,<\/strong> destacou.<\/p>\n<p style=\"text-align: justify;\">A ministra destacou a celeridade da<strong> Lava Jato na Justi\u00e7a Federal em Curitiba,<\/strong> sob a lideran\u00e7a de <strong>S\u00e9rgio Moro,<\/strong> e disse que isso \u00e9 fruto da gravidade do que est\u00e1 sendo julgado e do fato de um juiz e procuradores estarem exclusivamente dedicados ao tema, diferentemente do que acontece com outros processos no Pa\u00eds.<\/p>\n<p style=\"text-align: justify;\">\n<p style=\"text-align: justify;\"><strong>Para eventual apoio \u00e0 ministra Carmen L\u00facia:<\/strong><\/p>\n<p style=\"text-align: justify;\"><b>\u00a0<\/b><b><a href=\"mailto:presidencia@stf.jus.br\">presidencia@stf.jus.br<\/a><\/b><\/p>\n","protected":false},"excerpt":{"rendered":"<p>A presidente do Supremo Tribunal Federal (STF), ministra C\u00e1rmen L\u00facia, afirmou na noite desta segunda-feira (17) que os processos relacionados \u00e0 Opera\u00e7\u00e3o Lava Jato que est\u00e3o na Corte devem ser analisados de forma mais \u00e1gil do que o processo do Mensal\u00e3o. Segundo a ministra, isso ser\u00e1 poss\u00edvel pela distribui\u00e7\u00e3o das den\u00fancias da Lava Jato em [&hellip;]<\/p>\n","protected":false},"author":2,"featured_media":115099,"comment_status":"open","ping_status":"open","sticky":false,"template":"","format":"standard","meta":{"_monsterinsights_skip_tracking":false,"_monsterinsights_sitenote_active":false,"_monsterinsights_sitenote_note":"","_monsterinsights_sitenote_category":0},"categories":[6,2528,12],"tags":[30254,27392,2609,1350,21419,4343,1876,6587,154,27682,20193,3014],"aioseo_notices":[],"_links":{"self":[{"href":"http:\/\/mspontocom.com.br\/site\/wp-json\/wp\/v2\/posts\/115098"}],"collection":[{"href":"http:\/\/mspontocom.com.br\/site\/wp-json\/wp\/v2\/posts"}],"about":[{"href":"http:\/\/mspontocom.com.br\/site\/wp-json\/wp\/v2\/types\/post"}],"author":[{"embeddable":true,"href":"http:\/\/mspontocom.com.br\/site\/wp-json\/wp\/v2\/users\/2"}],"replies":[{"embeddable":true,"href":"http:\/\/mspontocom.com.br\/site\/wp-json\/wp\/v2\/comments?post=115098"}],"version-history":[{"count":0,"href":"http:\/\/mspontocom.com.br\/site\/wp-json\/wp\/v2\/posts\/115098\/revisions"}],"wp:featuredmedia":[{"embeddable":true,"href":"http:\/\/mspontocom.com.br\/site\/wp-json\/wp\/v2\/media\/115099"}],"wp:attachment":[{"href":"http:\/\/mspontocom.com.br\/site\/wp-json\/wp\/v2\/media?parent=115098"}],"wp:term":[{"taxonomy":"category","embeddable":true,"href":"http:\/\/mspontocom.com.br\/site\/wp-json\/wp\/v2\/categories?post=115098"},{"taxonomy":"post_tag","embeddable":true,"href":"http:\/\/mspontocom.com.br\/site\/wp-json\/wp\/v2\/tags?post=115098"}],"curies":[{"name":"wp","href":"https:\/\/api.w.org\/{rel}","templated":true}]}}